{"id":10101,"date":"2023-10-20T10:37:00","date_gmt":"2023-10-20T10:37:00","guid":{"rendered":"https:\/\/new.rothszki.hu\/?p=10101"},"modified":"2023-11-10T11:00:23","modified_gmt":"2023-11-10T11:00:23","slug":"tanulmanyuttal-egybekotott-szakmai-workshop-a-ferto-hansag-nemzeti-parknal","status":"publish","type":"post","link":"https:\/\/new.rothszki.hu\/index.php\/2023\/10\/20\/tanulmanyuttal-egybekotott-szakmai-workshop-a-ferto-hansag-nemzeti-parknal\/","title":{"rendered":"Tanulm\u00e1ny\u00fattal egybek\u00f6t\u00f6tt szakmai workshop a Fert\u0151-Hans\u00e1g Nemzeti Parkn\u00e1l"},"content":{"rendered":"\n<p>A Fert\u0151-t\u00e1j term\u00e9szetes \u00e9l\u0151helyeinek komplex helyre\u00e1ll\u00edt\u00e1sa \u00e9s fejleszt\u00e9se c\u00edm\u0171 projekt eredm\u00e9nyeibe tekinthett\u00fcnk be Sarr\u00f3don, a K\u00f3csagv\u00e1rban 2023. okt\u00f3ber 18 -19-\u00e9n. A k\u00e9t napos szakmai program keret\u00e9ben a Fert\u0151-t\u00e1j v\u00e9dett, illetve Natura 2000 \u00e9l\u0151helyeinek \u00f6kol\u00f3giai \u00e1llapot\u00e1nak jav\u00edt\u00e1s\u00e1t, az \u00e9l\u0151hely fejleszt\u00e9si \u00e9s ter\u00fcletkezel\u00e9si tev\u00e9kenys\u00e9gek megval\u00f3s\u00edt\u00e1s\u00e1t l\u00e1thattuk.<\/p>\n\n\n\n<p>Az els\u0151 napon, eg\u00e9sz napos tanulm\u00e1ny\u00fat keret\u00e9ben l\u00e1thattuk a H\u00eddi major fel\u00faj\u00edt\u00e1s\u00e1t, a legeltet\u00e9si infrastrukt\u00fara fejleszt\u00e9s\u00e9t, a vizes \u00e9l\u0151helyek v\u00edzell\u00e1totts\u00e1g\u00e1nak jav\u00edt\u00e1s\u00e1t, valamint a degrad\u00e1l\u00f3dott gyepter\u00fcletek rekonstru\u00e1l\u00e1s\u00e1t.<\/p>\n\n\n\n<p>A m\u00e1sodik nap a tapasztalatok \u00f6sszegz\u00e9s\u00e9t szolg\u00e1lta. El\u0151ad\u00e1sokat halhattunk a k\u00f6zel h\u00e9t \u00e9ves projekt lebonyol\u00edt\u00e1s\u00e1nak tapasztalatair\u00f3l, a vizes \u00e9l\u0151helyek fejleszt\u00e9s\u00e9r\u0151l, a gyepkezel\u00e9si infrastrukt\u00far\u00e1r\u00f3l, a l\u00e1pi p\u00f3cr\u00f3l, a k\u00fcl\u00f6nb\u00f6z\u0151 felm\u00e9r\u00e9sek\/kutat\u00e1sok eredm\u00e9nyeir\u0151l, valamint az \u00e9l\u0151helyt\u00e9rk\u00e9pez\u00e9sr\u0151l.<\/p>\n\n\n\n<p>Iskol\u00e1nkat Varga Rita erd\u0151m\u00e9rn\u00f6k-tan\u00e1r, valamint 4 f\u0151 v\u00e9gz\u0151s erd\u00e9sztechnikushallgat\u00f3 k\u00e9pviselte: a 13\/A oszt\u00e1lyb\u00f3l Kov\u00e1cs Bence \u00e9s Tomity Benj\u00e1min, a 13\/B oszt\u00e1lyb\u00f3l M\u00e1rfi Barnab\u00e1s \u00e9s Tausanov Mih\u00e1ly P\u00e1l.<\/p>\n\n\n\n<p>Ez\u00faton szeretn\u00e9nk k\u00f6sz\u00f6netet mondani a Fert\u0151-Hans\u00e1g Nemzeti Parknak a megh\u00edv\u00e1s\u00e9rt, valamint az Effix Marketing Kft-nek a program lebonyol\u00edt\u00e1s\u00e1\u00e9rt. Sz\u00e1mos tapasztalattal lett\u00fcnk gazdagabbak.<\/p>\n\n\n\n<p>Varga Rita<\/p>\n\n\n\n<figure class=\"wp-block-gallery has-nested-images columns-default is-cropped wp-block-gallery-1 is-layout-flex wp-block-gallery-is-layout-flex\">\n<figure class=\"wp-block-image size-large\"><img loading=\"lazy\" decoding=\"async\" width=\"1024\" height=\"768\" data-id=\"10102\" src=\"https:\/\/new.rothszki.hu\/wp-content\/uploads\/2023\/11\/20231018_114020-1024x768.jpg\" alt=\"\" class=\"wp-image-10102\" srcset=\"https:\/\/new.rothszki.hu\/wp-content\/uploads\/2023\/11\/20231018_114020-1024x768.jpg 1024w, https:\/\/new.rothszki.hu\/wp-content\/uploads\/2023\/11\/20231018_114020-300x225.jpg 300w, https:\/\/new.rothszki.hu\/wp-content\/uploads\/2023\/11\/20231018_114020-768x576.jpg 768w, https:\/\/new.rothszki.hu\/wp-content\/uploads\/2023\/11\/20231018_114020-1536x1152.jpg 1536w, https:\/\/new.rothszki.hu\/wp-content\/uploads\/2023\/11\/20231018_114020-2048x1536.jpg 2048w, https:\/\/new.rothszki.hu\/wp-content\/uploads\/2023\/11\/20231018_114020-465x349.jpg 465w, https:\/\/new.rothszki.hu\/wp-content\/uploads\/2023\/11\/20231018_114020-667x500.jpg 667w\" sizes=\"auto, (max-width: 1024px) 100vw, 1024px\" \/><\/figure>\n\n\n\n<figure class=\"wp-block-image size-large\"><img loading=\"lazy\" decoding=\"async\" width=\"1024\" height=\"768\" data-id=\"10104\" src=\"https:\/\/new.rothszki.hu\/wp-content\/uploads\/2023\/11\/20231018_160836-1024x768.jpg\" alt=\"\" class=\"wp-image-10104\" srcset=\"https:\/\/new.rothszki.hu\/wp-content\/uploads\/2023\/11\/20231018_160836-1024x768.jpg 1024w, https:\/\/new.rothszki.hu\/wp-content\/uploads\/2023\/11\/20231018_160836-300x225.jpg 300w, https:\/\/new.rothszki.hu\/wp-content\/uploads\/2023\/11\/20231018_160836-768x576.jpg 768w, https:\/\/new.rothszki.hu\/wp-content\/uploads\/2023\/11\/20231018_160836-1536x1152.jpg 1536w, https:\/\/new.rothszki.hu\/wp-content\/uploads\/2023\/11\/20231018_160836-2048x1536.jpg 2048w, https:\/\/new.rothszki.hu\/wp-content\/uploads\/2023\/11\/20231018_160836-465x349.jpg 465w, https:\/\/new.rothszki.hu\/wp-content\/uploads\/2023\/11\/20231018_160836-667x500.jpg 667w\" sizes=\"auto, (max-width: 1024px) 100vw, 1024px\" \/><\/figure>\n\n\n\n<figure class=\"wp-block-image size-large\"><img loading=\"lazy\" decoding=\"async\" width=\"1024\" height=\"768\" data-id=\"10103\" src=\"https:\/\/new.rothszki.hu\/wp-content\/uploads\/2023\/11\/20231019_102745-1024x768.jpg\" alt=\"\" class=\"wp-image-10103\" srcset=\"https:\/\/new.rothszki.hu\/wp-content\/uploads\/2023\/11\/20231019_102745-1024x768.jpg 1024w, https:\/\/new.rothszki.hu\/wp-content\/uploads\/2023\/11\/20231019_102745-300x225.jpg 300w, https:\/\/new.rothszki.hu\/wp-content\/uploads\/2023\/11\/20231019_102745-768x576.jpg 768w, https:\/\/new.rothszki.hu\/wp-content\/uploads\/2023\/11\/20231019_102745-1536x1152.jpg 1536w, https:\/\/new.rothszki.hu\/wp-content\/uploads\/2023\/11\/20231019_102745-2048x1536.jpg 2048w, https:\/\/new.rothszki.hu\/wp-content\/uploads\/2023\/11\/20231019_102745-465x349.jpg 465w, https:\/\/new.rothszki.hu\/wp-content\/uploads\/2023\/11\/20231019_102745-667x500.jpg 667w\" sizes=\"auto, (max-width: 1024px) 100vw, 1024px\" \/><\/figure>\n<\/figure>\n","protected":false},"excerpt":{"rendered":"<p>A Fert\u0151-t\u00e1j term\u00e9szetes \u00e9l\u0151helyeinek komplex helyre\u00e1ll\u00edt\u00e1sa \u00e9s fejleszt\u00e9se c\u00edm\u0171 projekt eredm\u00e9nyeibe tekinthett\u00fcnk be Sarr\u00f3don, a K\u00f3csagv\u00e1rban 2023. okt\u00f3ber 18 -19-\u00e9n. A k\u00e9t napos szakmai program keret\u00e9ben a Fert\u0151-t\u00e1j v\u00e9dett, illetve Natura 2000 \u00e9l\u0151helyeinek \u00f6kol\u00f3giai \u00e1llapot\u00e1nak jav\u00edt\u00e1s\u00e1t, az \u00e9l\u0151hely fejleszt\u00e9si \u00e9s ter\u00fcletkezel\u00e9si tev\u00e9kenys\u00e9gek megval\u00f3s\u00edt\u00e1s\u00e1t l\u00e1thattuk. Az els\u0151 napon, eg\u00e9sz napos tanulm\u00e1ny\u00fat<span class=\"more-link\"><a href=\"https:\/\/new.rothszki.hu\/index.php\/2023\/10\/20\/tanulmanyuttal-egybekotott-szakmai-workshop-a-ferto-hansag-nemzeti-parknal\/\">Tov\u00e1bb&#8230;<\/a><\/span><\/p>\n","protected":false},"author":3,"featured_media":10105,"comment_status":"closed","ping_status":"closed","sticky":false,"template":"","format":"standard","meta":{"_monsterinsights_skip_tracking":false,"_monsterinsights_sitenote_active":false,"_monsterinsights_sitenote_note":"","_monsterinsights_sitenote_category":0,"footnotes":""},"categories":[2,17],"tags":[],"class_list":["entry","author-farago-sandorrothszki-hu","post-10101","post","type-post","status-publish","format-standard","has-post-thumbnail","category-aktualis","category-szakmai"],"_links":{"self":[{"href":"https:\/\/new.rothszki.hu\/index.php\/wp-json\/wp\/v2\/posts\/10101","targetHints":{"allow":["GET"]}}],"collection":[{"href":"https:\/\/new.rothszki.hu\/index.php\/wp-json\/wp\/v2\/posts"}],"about":[{"href":"https:\/\/new.rothszki.hu\/index.php\/wp-json\/wp\/v2\/types\/post"}],"author":[{"embeddable":true,"href":"https:\/\/new.rothszki.hu\/index.php\/wp-json\/wp\/v2\/users\/3"}],"replies":[{"embeddable":true,"href":"https:\/\/new.rothszki.hu\/index.php\/wp-json\/wp\/v2\/comments?post=10101"}],"version-history":[{"count":1,"href":"https:\/\/new.rothszki.hu\/index.php\/wp-json\/wp\/v2\/posts\/10101\/revisions"}],"predecessor-version":[{"id":10106,"href":"https:\/\/new.rothszki.hu\/index.php\/wp-json\/wp\/v2\/posts\/10101\/revisions\/10106"}],"wp:featuredmedia":[{"embeddable":true,"href":"https:\/\/new.rothszki.hu\/index.php\/wp-json\/wp\/v2\/media\/10105"}],"wp:attachment":[{"href":"https:\/\/new.rothszki.hu\/index.php\/wp-json\/wp\/v2\/media?parent=10101"}],"wp:term":[{"taxonomy":"category","embeddable":true,"href":"https:\/\/new.rothszki.hu\/index.php\/wp-json\/wp\/v2\/categories?post=10101"},{"taxonomy":"post_tag","embeddable":true,"href":"https:\/\/new.rothszki.hu\/index.php\/wp-json\/wp\/v2\/tags?post=10101"}],"curies":[{"name":"wp","href":"https:\/\/api.w.org\/{rel}","templated":true}]}}