{"id":10197,"date":"2023-12-05T11:44:00","date_gmt":"2023-12-05T11:44:00","guid":{"rendered":"https:\/\/new.rothszki.hu\/?p=10197"},"modified":"2023-12-08T09:59:17","modified_gmt":"2023-12-08T09:59:17","slug":"i-helyezes-a-magyar-haidrologiai-tarsasag-palyazatan","status":"publish","type":"post","link":"https:\/\/new.rothszki.hu\/index.php\/2023\/12\/05\/i-helyezes-a-magyar-haidrologiai-tarsasag-palyazatan\/","title":{"rendered":"I. HELYEZ\u00c9S A MAGYAR HIDROL\u00d3GIAI T\u00c1RSAS\u00c1G P\u00c1LY\u00c1ZAT\u00c1N"},"content":{"rendered":"\n<p>2023. november 21-\u00e9n ker\u00fclt sor a 2022\/23-as tan\u00e9vre, a Magyar Hidrol\u00f3giai T\u00e1rsas\u00e1g \u00e1ltal meghirdetett v\u00edz\u00fcgyi \u00e9s k\u00f6rnyezetv\u00e9delmi vonatkoz\u00e1s\u00fa Saj\u00f3 Elem\u00e9r P\u00e1ly\u00e1zat \u00fcnnep\u00e9lyes d\u00edj\u00e1tad\u00f3j\u00e1ra. Int\u00e9zm\u00e9ny\u00fcnkben a tavalyi tan\u00e9vben v\u00e9gzett <strong>Szalay Barbara<\/strong>, k\u00f6rnyezetv\u00e9delmi technikus tanul\u00f3<br><strong>I. helyez\u00e9s<\/strong>t \u00e9rt el <em>A v\u00edzhi\u00e1ny a j\u00f6v\u0151 k\u00e9rd\u00e9se?<\/em> c\u00edm\u0171 p\u00e1lyamunk\u00e1j\u00e1val.<\/p>\n\n\n\n<p>Barbara a dolgozat\u00e1ban bemutatta az asz\u00e1ly \u00e9s a v\u00edzhi\u00e1ny okozta legfontosabb glob\u00e1lis \u00e9s Magyarorsz\u00e1got \u00e9rint\u0151 probl\u00e9m\u00e1kat. A k\u00e9rd\u0151\u00edves kutat\u00e1sa sor\u00e1n pedig t\u00f6bbek k\u00f6z\u00f6tt olyan k\u00e9rd\u00e9sekre kereste a v\u00e1laszt, hogy a lakoss\u00e1g mennyire k\u00f6veti nyomon, illetve \u00e9rz\u00e9keli az asz\u00e1ly hat\u00e1sait, vagy p\u00e9ld\u00e1ul a kit\u00f6lt\u0151k tapasztaltak-e m\u00e1r valaha kl\u00edmaszorong\u00e1st.<\/p>\n\n\n\n<p>Felk\u00e9sz\u00edt\u0151 tan\u00e1ra <em>Boros G\u00e9za<\/em> volt.<\/p>\n\n\n\n<figure class=\"wp-block-gallery has-nested-images columns-default is-cropped wp-block-gallery-1 is-layout-flex wp-block-gallery-is-layout-flex\">\n<figure class=\"wp-block-image size-large\"><img loading=\"lazy\" decoding=\"async\" width=\"400\" height=\"531\" data-id=\"10198\" src=\"https:\/\/new.rothszki.hu\/wp-content\/uploads\/2023\/12\/SajoE_nyito.jpg\" alt=\"\" class=\"wp-image-10198\" srcset=\"https:\/\/new.rothszki.hu\/wp-content\/uploads\/2023\/12\/SajoE_nyito.jpg 400w, https:\/\/new.rothszki.hu\/wp-content\/uploads\/2023\/12\/SajoE_nyito-226x300.jpg 226w, https:\/\/new.rothszki.hu\/wp-content\/uploads\/2023\/12\/SajoE_nyito-377x500.jpg 377w\" sizes=\"auto, (max-width: 400px) 100vw, 400px\" \/><\/figure>\n\n\n\n<figure class=\"wp-block-image size-large\"><img loading=\"lazy\" decoding=\"async\" width=\"1024\" height=\"985\" data-id=\"10199\" src=\"https:\/\/new.rothszki.hu\/wp-content\/uploads\/2023\/12\/Sajo_plakett-1024x985.jpg\" alt=\"\" class=\"wp-image-10199\" srcset=\"https:\/\/new.rothszki.hu\/wp-content\/uploads\/2023\/12\/Sajo_plakett-1024x985.jpg 1024w, https:\/\/new.rothszki.hu\/wp-content\/uploads\/2023\/12\/Sajo_plakett-300x289.jpg 300w, https:\/\/new.rothszki.hu\/wp-content\/uploads\/2023\/12\/Sajo_plakett-768x739.jpg 768w, https:\/\/new.rothszki.hu\/wp-content\/uploads\/2023\/12\/Sajo_plakett-465x447.jpg 465w, https:\/\/new.rothszki.hu\/wp-content\/uploads\/2023\/12\/Sajo_plakett-520x500.jpg 520w, https:\/\/new.rothszki.hu\/wp-content\/uploads\/2023\/12\/Sajo_plakett.jpg 1341w\" sizes=\"auto, (max-width: 1024px) 100vw, 1024px\" \/><\/figure>\n<\/figure>\n\n\n\n<p>Gratul\u00e1lunk a kimagasl\u00f3 eredm\u00e9ny\u00fckh\u00f6z!<\/p>\n","protected":false},"excerpt":{"rendered":"<p>2023. november 21-\u00e9n ker\u00fclt sor a 2022\/23-as tan\u00e9vre, a Magyar Hidrol\u00f3giai T\u00e1rsas\u00e1g \u00e1ltal meghirdetett v\u00edz\u00fcgyi \u00e9s k\u00f6rnyezetv\u00e9delmi vonatkoz\u00e1s\u00fa Saj\u00f3 Elem\u00e9r P\u00e1ly\u00e1zat \u00fcnnep\u00e9lyes d\u00edj\u00e1tad\u00f3j\u00e1ra. Int\u00e9zm\u00e9ny\u00fcnkben a tavalyi tan\u00e9vben v\u00e9gzett Szalay Barbara, k\u00f6rnyezetv\u00e9delmi technikus tanul\u00f3I. helyez\u00e9st \u00e9rt el A v\u00edzhi\u00e1ny a j\u00f6v\u0151 k\u00e9rd\u00e9se? c\u00edm\u0171 p\u00e1lyamunk\u00e1j\u00e1val. Barbara a dolgozat\u00e1ban bemutatta az asz\u00e1ly \u00e9s<span class=\"more-link\"><a href=\"https:\/\/new.rothszki.hu\/index.php\/2023\/12\/05\/i-helyezes-a-magyar-haidrologiai-tarsasag-palyazatan\/\">Tov\u00e1bb&#8230;<\/a><\/span><\/p>\n","protected":false},"author":3,"featured_media":10198,"comment_status":"closed","ping_status":"closed","sticky":false,"template":"","format":"standard","meta":{"_monsterinsights_skip_tracking":false,"_monsterinsights_sitenote_active":false,"_monsterinsights_sitenote_note":"","_monsterinsights_sitenote_category":0,"footnotes":""},"categories":[2,4],"tags":[],"class_list":["entry","author-farago-sandorrothszki-hu","post-10197","post","type-post","status-publish","format-standard","has-post-thumbnail","category-aktualis","category-buszke"],"_links":{"self":[{"href":"https:\/\/new.rothszki.hu\/index.php\/wp-json\/wp\/v2\/posts\/10197","targetHints":{"allow":["GET"]}}],"collection":[{"href":"https:\/\/new.rothszki.hu\/index.php\/wp-json\/wp\/v2\/posts"}],"about":[{"href":"https:\/\/new.rothszki.hu\/index.php\/wp-json\/wp\/v2\/types\/post"}],"author":[{"embeddable":true,"href":"https:\/\/new.rothszki.hu\/index.php\/wp-json\/wp\/v2\/users\/3"}],"replies":[{"embeddable":true,"href":"https:\/\/new.rothszki.hu\/index.php\/wp-json\/wp\/v2\/comments?post=10197"}],"version-history":[{"count":2,"href":"https:\/\/new.rothszki.hu\/index.php\/wp-json\/wp\/v2\/posts\/10197\/revisions"}],"predecessor-version":[{"id":10283,"href":"https:\/\/new.rothszki.hu\/index.php\/wp-json\/wp\/v2\/posts\/10197\/revisions\/10283"}],"wp:featuredmedia":[{"embeddable":true,"href":"https:\/\/new.rothszki.hu\/index.php\/wp-json\/wp\/v2\/media\/10198"}],"wp:attachment":[{"href":"https:\/\/new.rothszki.hu\/index.php\/wp-json\/wp\/v2\/media?parent=10197"}],"wp:term":[{"taxonomy":"category","embeddable":true,"href":"https:\/\/new.rothszki.hu\/index.php\/wp-json\/wp\/v2\/categories?post=10197"},{"taxonomy":"post_tag","embeddable":true,"href":"https:\/\/new.rothszki.hu\/index.php\/wp-json\/wp\/v2\/tags?post=10197"}],"curies":[{"name":"wp","href":"https:\/\/api.w.org\/{rel}","templated":true}]}}