{"id":10541,"date":"2024-02-26T10:15:13","date_gmt":"2024-02-26T10:15:13","guid":{"rendered":"https:\/\/new.rothszki.hu\/?p=10541"},"modified":"2024-02-26T10:15:15","modified_gmt":"2024-02-26T10:15:15","slug":"sportsiker-jiu-jitsu-gi","status":"publish","type":"post","link":"https:\/\/new.rothszki.hu\/index.php\/2024\/02\/26\/sportsiker-jiu-jitsu-gi\/","title":{"rendered":"Sportsiker &#8211; Jiu-Jitsu Gi"},"content":{"rendered":"\n<p>Keszthelyi Gell\u00e9rt 9.A oszt\u00e1lyos tanul\u00f3 a Dunakeszin megrendezett EB Kvalifik\u00e1ci\u00f3s \u00e9s Ut\u00e1np\u00f3tl\u00e1s versenyen, U18 korcsoportban, s\u00falycsoportj\u00e1ban els\u0151 helyet szerzett. Ezzel nem csak bajnoki c\u00edmet nyert, hanem kijutott a m\u00e1jusban megrendez\u00e9sre ker\u00fcl\u0151 EB-re is.&nbsp;<br>Gratul\u00e1lunk!&nbsp;<\/p>\n\n\n\n<figure class=\"wp-block-gallery has-nested-images columns-default is-cropped wp-block-gallery-1 is-layout-flex wp-block-gallery-is-layout-flex\">\n<figure class=\"wp-block-image size-large\"><img loading=\"lazy\" decoding=\"async\" width=\"678\" height=\"1024\" data-id=\"10545\" src=\"https:\/\/new.rothszki.hu\/wp-content\/uploads\/2024\/02\/IMG_2625-678x1024.jpg\" alt=\"\" class=\"wp-image-10545\" srcset=\"https:\/\/new.rothszki.hu\/wp-content\/uploads\/2024\/02\/IMG_2625-678x1024.jpg 678w, https:\/\/new.rothszki.hu\/wp-content\/uploads\/2024\/02\/IMG_2625-199x300.jpg 199w, https:\/\/new.rothszki.hu\/wp-content\/uploads\/2024\/02\/IMG_2625-768x1159.jpg 768w, https:\/\/new.rothszki.hu\/wp-content\/uploads\/2024\/02\/IMG_2625-1018x1536.jpg 1018w, https:\/\/new.rothszki.hu\/wp-content\/uploads\/2024\/02\/IMG_2625-364x550.jpg 364w, https:\/\/new.rothszki.hu\/wp-content\/uploads\/2024\/02\/IMG_2625-331x500.jpg 331w, https:\/\/new.rothszki.hu\/wp-content\/uploads\/2024\/02\/IMG_2625.jpg 1060w\" sizes=\"auto, (max-width: 678px) 100vw, 678px\" \/><\/figure>\n\n\n\n<figure class=\"wp-block-image size-large\"><img loading=\"lazy\" decoding=\"async\" width=\"441\" height=\"733\" data-id=\"10543\" src=\"https:\/\/new.rothszki.hu\/wp-content\/uploads\/2024\/02\/thumbnail_IMG_2851.jpg\" alt=\"\" class=\"wp-image-10543\" srcset=\"https:\/\/new.rothszki.hu\/wp-content\/uploads\/2024\/02\/thumbnail_IMG_2851.jpg 441w, https:\/\/new.rothszki.hu\/wp-content\/uploads\/2024\/02\/thumbnail_IMG_2851-180x300.jpg 180w, https:\/\/new.rothszki.hu\/wp-content\/uploads\/2024\/02\/thumbnail_IMG_2851-331x550.jpg 331w, https:\/\/new.rothszki.hu\/wp-content\/uploads\/2024\/02\/thumbnail_IMG_2851-301x500.jpg 301w\" sizes=\"auto, (max-width: 441px) 100vw, 441px\" \/><\/figure>\n\n\n\n<figure class=\"wp-block-image size-large\"><img loading=\"lazy\" decoding=\"async\" width=\"768\" height=\"1024\" data-id=\"10544\" src=\"https:\/\/new.rothszki.hu\/wp-content\/uploads\/2024\/02\/428308953_814804867358050_3656499547613764332_n-768x1024.jpg\" alt=\"\" class=\"wp-image-10544\" srcset=\"https:\/\/new.rothszki.hu\/wp-content\/uploads\/2024\/02\/428308953_814804867358050_3656499547613764332_n-768x1024.jpg 768w, https:\/\/new.rothszki.hu\/wp-content\/uploads\/2024\/02\/428308953_814804867358050_3656499547613764332_n-225x300.jpg 225w, https:\/\/new.rothszki.hu\/wp-content\/uploads\/2024\/02\/428308953_814804867358050_3656499547613764332_n-1152x1536.jpg 1152w, https:\/\/new.rothszki.hu\/wp-content\/uploads\/2024\/02\/428308953_814804867358050_3656499547613764332_n-413x550.jpg 413w, https:\/\/new.rothszki.hu\/wp-content\/uploads\/2024\/02\/428308953_814804867358050_3656499547613764332_n-375x500.jpg 375w, https:\/\/new.rothszki.hu\/wp-content\/uploads\/2024\/02\/428308953_814804867358050_3656499547613764332_n.jpg 1536w\" sizes=\"auto, (max-width: 768px) 100vw, 768px\" \/><\/figure>\n<\/figure>\n","protected":false},"excerpt":{"rendered":"<p>Keszthelyi Gell\u00e9rt 9.A oszt\u00e1lyos tanul\u00f3 a Dunakeszin megrendezett EB Kvalifik\u00e1ci\u00f3s \u00e9s Ut\u00e1np\u00f3tl\u00e1s versenyen, U18 korcsoportban, s\u00falycsoportj\u00e1ban els\u0151 helyet szerzett. Ezzel nem csak bajnoki c\u00edmet nyert, hanem kijutott a m\u00e1jusban megrendez\u00e9sre ker\u00fcl\u0151 EB-re is.&nbsp;Gratul\u00e1lunk!&nbsp;<span class=\"more-link\"><a href=\"https:\/\/new.rothszki.hu\/index.php\/2024\/02\/26\/sportsiker-jiu-jitsu-gi\/\">Tov\u00e1bb&#8230;<\/a><\/span><\/p>\n","protected":false},"author":3,"featured_media":10542,"comment_status":"closed","ping_status":"closed","sticky":false,"template":"","format":"standard","meta":{"_monsterinsights_skip_tracking":false,"_monsterinsights_sitenote_active":false,"_monsterinsights_sitenote_note":"","_monsterinsights_sitenote_category":0,"footnotes":""},"categories":[2,4],"tags":[],"class_list":["entry","author-farago-sandorrothszki-hu","post-10541","post","type-post","status-publish","format-standard","has-post-thumbnail","category-aktualis","category-buszke"],"_links":{"self":[{"href":"https:\/\/new.rothszki.hu\/index.php\/wp-json\/wp\/v2\/posts\/10541","targetHints":{"allow":["GET"]}}],"collection":[{"href":"https:\/\/new.rothszki.hu\/index.php\/wp-json\/wp\/v2\/posts"}],"about":[{"href":"https:\/\/new.rothszki.hu\/index.php\/wp-json\/wp\/v2\/types\/post"}],"author":[{"embeddable":true,"href":"https:\/\/new.rothszki.hu\/index.php\/wp-json\/wp\/v2\/users\/3"}],"replies":[{"embeddable":true,"href":"https:\/\/new.rothszki.hu\/index.php\/wp-json\/wp\/v2\/comments?post=10541"}],"version-history":[{"count":1,"href":"https:\/\/new.rothszki.hu\/index.php\/wp-json\/wp\/v2\/posts\/10541\/revisions"}],"predecessor-version":[{"id":10546,"href":"https:\/\/new.rothszki.hu\/index.php\/wp-json\/wp\/v2\/posts\/10541\/revisions\/10546"}],"wp:featuredmedia":[{"embeddable":true,"href":"https:\/\/new.rothszki.hu\/index.php\/wp-json\/wp\/v2\/media\/10542"}],"wp:attachment":[{"href":"https:\/\/new.rothszki.hu\/index.php\/wp-json\/wp\/v2\/media?parent=10541"}],"wp:term":[{"taxonomy":"category","embeddable":true,"href":"https:\/\/new.rothszki.hu\/index.php\/wp-json\/wp\/v2\/categories?post=10541"},{"taxonomy":"post_tag","embeddable":true,"href":"https:\/\/new.rothszki.hu\/index.php\/wp-json\/wp\/v2\/tags?post=10541"}],"curies":[{"name":"wp","href":"https:\/\/api.w.org\/{rel}","templated":true}]}}