{"id":11581,"date":"2024-12-19T21:35:40","date_gmt":"2024-12-19T21:35:40","guid":{"rendered":"https:\/\/new.rothszki.hu\/?p=11581"},"modified":"2024-12-19T21:35:41","modified_gmt":"2024-12-19T21:35:41","slug":"dr-gerencser-kinga-eloadasa","status":"publish","type":"post","link":"https:\/\/new.rothszki.hu\/index.php\/2024\/12\/19\/dr-gerencser-kinga-eloadasa\/","title":{"rendered":"dr. Gerencs\u00e9r Kinga el\u0151ad\u00e1sa"},"content":{"rendered":"\n<p><strong>Dr Gerencs\u00e9r Kinga<\/strong> a Faipari M\u00e9rn\u00f6ki \u00e9s Kreat\u00edvipari Kar Alkalmazott Tudom\u00e1nyi Int\u00e9zet\u00e9nek c\u00edmzetes tan\u00e1ra tartott el\u0151ad\u00e1st iskol\u00e1nk d\u00edszterm\u00e9ben \u201e<strong><em>A &nbsp;fa ezer arca \u00e9s haszna<\/em><\/strong>\u201d c\u00edmmel.<\/p>\n\n\n\n<p>Az el\u0151ad\u00e1st nagy \u00e9rdekl\u0151d\u00e9ssel halgatt\u00e1k faiparos tanul\u00f3ink, akik valamennyien r\u00e9szt vettek ezen a programon. A di\u00e1kok r\u00e1csod\u00e1lkozhattak, hogy a fa mennyi f\u00e9le form\u00e1ban \u00e9s sz\u00ednben jelenik meg t\u00e1rgyainkban, hogyan szolg\u00e1lja kikapcsol\u00f3d\u00e1sunk, szellemi fizikai felt\u00f6lt\u0151d\u00e9s\u00fcnk \u00e9s mindennapi \u00e9let\u00fcnk szebb\u00e9, bar\u00e1ts\u00e1gosabb\u00e1 t\u00e9tel\u00e9t, milyen kreat\u00edv \u00f6tletek sz\u00fclettek k\u00fcl\u00f6nleges felhaszn\u00e1l\u00e1suk sor\u00e1n.<\/p>\n\n\n\n<p>Az el\u0151ad\u00e1st k\u00f6vet\u0151en lehet\u0151s\u00e9g volt a bemutatott eszk\u00f6z\u00f6k, j\u00e1t\u00e9kok kipr\u00f3b\u00e1l\u00e1s\u00e1ra, k\u00f6tetlen besz\u00e9lget\u00e9sre a t\u00e9m\u00e1val kapcsolatban, ill. k\u00f6nyvek v\u00e1s\u00e1rl\u00e1s\u00e1ra.<\/p>\n","protected":false},"excerpt":{"rendered":"<p>Dr Gerencs\u00e9r Kinga a Faipari M\u00e9rn\u00f6ki \u00e9s Kreat\u00edvipari Kar Alkalmazott Tudom\u00e1nyi Int\u00e9zet\u00e9nek c\u00edmzetes tan\u00e1ra tartott el\u0151ad\u00e1st iskol\u00e1nk d\u00edszterm\u00e9ben \u201eA &nbsp;fa ezer arca \u00e9s haszna\u201d c\u00edmmel. Az el\u0151ad\u00e1st nagy \u00e9rdekl\u0151d\u00e9ssel halgatt\u00e1k faiparos tanul\u00f3ink, akik valamennyien r\u00e9szt vettek ezen a programon. A di\u00e1kok r\u00e1csod\u00e1lkozhattak, hogy a fa mennyi f\u00e9le form\u00e1ban \u00e9s sz\u00ednben<span class=\"more-link\"><a href=\"https:\/\/new.rothszki.hu\/index.php\/2024\/12\/19\/dr-gerencser-kinga-eloadasa\/\">Tov\u00e1bb&#8230;<\/a><\/span><\/p>\n","protected":false},"author":3,"featured_media":11582,"comment_status":"closed","ping_status":"closed","sticky":false,"template":"","format":"standard","meta":{"_monsterinsights_skip_tracking":false,"_monsterinsights_sitenote_active":false,"_monsterinsights_sitenote_note":"","_monsterinsights_sitenote_category":0,"footnotes":""},"categories":[2,17],"tags":[],"class_list":["entry","author-farago-sandorrothszki-hu","post-11581","post","type-post","status-publish","format-standard","has-post-thumbnail","category-aktualis","category-szakmai"],"_links":{"self":[{"href":"https:\/\/new.rothszki.hu\/index.php\/wp-json\/wp\/v2\/posts\/11581","targetHints":{"allow":["GET"]}}],"collection":[{"href":"https:\/\/new.rothszki.hu\/index.php\/wp-json\/wp\/v2\/posts"}],"about":[{"href":"https:\/\/new.rothszki.hu\/index.php\/wp-json\/wp\/v2\/types\/post"}],"author":[{"embeddable":true,"href":"https:\/\/new.rothszki.hu\/index.php\/wp-json\/wp\/v2\/users\/3"}],"replies":[{"embeddable":true,"href":"https:\/\/new.rothszki.hu\/index.php\/wp-json\/wp\/v2\/comments?post=11581"}],"version-history":[{"count":1,"href":"https:\/\/new.rothszki.hu\/index.php\/wp-json\/wp\/v2\/posts\/11581\/revisions"}],"predecessor-version":[{"id":11583,"href":"https:\/\/new.rothszki.hu\/index.php\/wp-json\/wp\/v2\/posts\/11581\/revisions\/11583"}],"wp:featuredmedia":[{"embeddable":true,"href":"https:\/\/new.rothszki.hu\/index.php\/wp-json\/wp\/v2\/media\/11582"}],"wp:attachment":[{"href":"https:\/\/new.rothszki.hu\/index.php\/wp-json\/wp\/v2\/media?parent=11581"}],"wp:term":[{"taxonomy":"category","embeddable":true,"href":"https:\/\/new.rothszki.hu\/index.php\/wp-json\/wp\/v2\/categories?post=11581"},{"taxonomy":"post_tag","embeddable":true,"href":"https:\/\/new.rothszki.hu\/index.php\/wp-json\/wp\/v2\/tags?post=11581"}],"curies":[{"name":"wp","href":"https:\/\/api.w.org\/{rel}","templated":true}]}}