{"id":11629,"date":"2025-02-03T12:26:39","date_gmt":"2025-02-03T12:26:39","guid":{"rendered":"https:\/\/new.rothszki.hu\/?p=11629"},"modified":"2025-02-03T12:28:09","modified_gmt":"2025-02-03T12:28:09","slug":"sitabor-2024-25-donovaly-szlovakia","status":"publish","type":"post","link":"https:\/\/new.rothszki.hu\/index.php\/2025\/02\/03\/sitabor-2024-25-donovaly-szlovakia\/","title":{"rendered":"S\u00edt\u00e1bor 2024\/25 \u2013 DONOVALY, SZLOV\u00c1KIA"},"content":{"rendered":"\n<p id=\"block-582b6dd5-c0ea-4a50-aec0-42caede8fe83\"><br>Janu\u00e1r h\u00f3nap v\u00e9g\u00e9n \u2013 01.26.- 31. k\u00f6z\u00f6tt &#8211; iskol\u00e1nk t\u00e1mogat\u00e1s\u00e1val, D\u00f3ra Gy\u00f6rgy \u00e9s Rudasits G\u00e1bor testnevel\u0151k vezet\u00e9s\u00e9vel \u2013 k\u00f6zel 80 tanul\u00f3, de \u00f6sszesen 100 f\u0151 &#8211; ebben a tan\u00e9vben is megszervez\u00e9sre ker\u00fclt a ROTH iskolai S\u00cdT\u00c1BORA.<\/p>\n\n\n\n<p id=\"block-582b6dd5-c0ea-4a50-aec0-42caede8fe83\"><br>Nemzetk\u00f6zi kapcsolatainkat er\u0151s\u00edtve, felvid\u00e9ki magyar iskol\u00e1k tanul\u00f3ival egy\u00fctt \u00f6r\u00fclhett\u00fcnk \u00e9s \u00e9lvezhett\u00fck e remek sport \u00f6r\u00f6meit &#8211; F\u00e1tra kiv\u00e1l\u00f3 lejt\u0151in &#8211; DONOVALY-n<br><\/p>\n\n\n\n<p id=\"block-582b6dd5-c0ea-4a50-aec0-42caede8fe83\">Donovaly-r\u00f3l r\u00f6viden:<br>A s\u00edk\u00f6zpont az Alacsony-T\u00e1tra &#8211; D\u00c9L, Nagy-F\u00e1tra r\u00e9gi\u00f3kba<br>ny\u00falik be. Az alap\u00e1llom\u00e1sa 910 m tengerszint feletti<br>magass\u00e1gban helyezkedik el \u00e9s a k\u00f6zpont legmagasabban<br>fekv\u0151 pontja 1361 m magass\u00e1gban tal\u00e1lhat\u00f3. A teljes<br>szintk\u00fcl\u00f6nbs\u00e9g 451 m\u00e9tert tesz ki. A lesikl\u00f3p\u00e1ly\u00e1k teljes<br>hossza 11,0 km, ebb\u0151l 7,4 km m\u0171h\u00f3val bor\u00edtott.<br>Ter\u00fclet\u00e9n 14 s\u00edfelvon\u00f3 \u00e9s 2 k\u00f6t\u00e9lp\u00e1lya tal\u00e1lhat\u00f3.<br>Programunkban &#8211; a s\u00edb\u00e9rlet adta lehet\u0151s\u00e9geinket kihaszn\u00e1lva &#8211; esti s\u00edel\u00e9s is lehet\u0151v\u00e9 v\u00e1lt a 1,8 km hossz\u00fa megvil\u00e1g\u00edtott p\u00e1ly\u00e1n.<\/p>\n\n\n\n<p id=\"block-582b6dd5-c0ea-4a50-aec0-42caede8fe83\"><br>Vas\u00e1rnap reggel 6 \u00f3rai indul\u00e1ssal &#8211; k\u00f6zel 5 \u00f3r\u00e1s \u00fat ut\u00e1n &#8211; foglaltuk el szob\u00e1inkat a Hotel Vesel panzi\u00f3ban \u2013 SZLOV\u00c1K NEMZETI S\u00cdSPORT SZ\u00c1LLOD\u00c1JA.<br>Panzi\u00f3nk er\u0151ss\u00e9ge abban volt, hogy k\u00f6zvetlen\u00fcl a s\u00edp\u00e1ly\u00e1k mellett \u2013 p\u00e1lyasz\u00e1ll\u00e1sk\u00e9nt \u00fczemelt.<br>K\u00fcl\u00f6n f\u0171t\u00f6tt rakt\u00e1r \u00e1llt a rendelkez\u00e9s\u00fcnkre a s\u00edfelszerel\u00e9sek elhelyez\u00e9s\u00e9re, valamint a melegv\u00edz kifogyhatatlans\u00e1ga p\u00e1rosult a teljes ell\u00e1t\u00e1ssal, sv\u00e9dasztalos reggeli, k\u00e9t fogasos b\u0151s\u00e9ges eb\u00e9d \u00e9s vacsora.<br><\/p>\n\n\n\n<p id=\"block-582b6dd5-c0ea-4a50-aec0-42caede8fe83\"><strong>NAGY ROTH &#8211; CSAPATUNK:<\/strong><\/p>\n\n\n\n<figure class=\"wp-block-image size-large\"><img loading=\"lazy\" decoding=\"async\" width=\"1024\" height=\"475\" src=\"https:\/\/new.rothszki.hu\/wp-content\/uploads\/2025\/02\/4d894c45-4841-40ce-a044-9d00801f7d61-1024x475.jpg\" alt=\"\" class=\"wp-image-11630\" srcset=\"https:\/\/new.rothszki.hu\/wp-content\/uploads\/2025\/02\/4d894c45-4841-40ce-a044-9d00801f7d61-1024x475.jpg 1024w, https:\/\/new.rothszki.hu\/wp-content\/uploads\/2025\/02\/4d894c45-4841-40ce-a044-9d00801f7d61-300x139.jpg 300w, https:\/\/new.rothszki.hu\/wp-content\/uploads\/2025\/02\/4d894c45-4841-40ce-a044-9d00801f7d61-768x356.jpg 768w, https:\/\/new.rothszki.hu\/wp-content\/uploads\/2025\/02\/4d894c45-4841-40ce-a044-9d00801f7d61-1536x712.jpg 1536w, https:\/\/new.rothszki.hu\/wp-content\/uploads\/2025\/02\/4d894c45-4841-40ce-a044-9d00801f7d61-465x215.jpg 465w, https:\/\/new.rothszki.hu\/wp-content\/uploads\/2025\/02\/4d894c45-4841-40ce-a044-9d00801f7d61-695x322.jpg 695w, https:\/\/new.rothszki.hu\/wp-content\/uploads\/2025\/02\/4d894c45-4841-40ce-a044-9d00801f7d61.jpg 2048w\" sizes=\"auto, (max-width: 1024px) 100vw, 1024px\" \/><\/figure>\n\n\n\n<p id=\"block-582b6dd5-c0ea-4a50-aec0-42caede8fe83\"><br>A s\u00edp\u00e1ly\u00e1k \u00e1llapota \u2013 meleg id\u0151j\u00e1r\u00e1s hat\u00e1s\u00e1ra, az olvad\u00e1s ellen\u00e9re \u2013 kiv\u00e1l\u00f3nak bizonyult a halad\u00f3knak, valamint azoknak is, akik ekkor vettek el\u0151sz\u00f6r s\u00edl\u00e9cet a talpukra. A p\u00e1ly\u00e1kat folyamatosan h\u00f3\u00e1gy\u00fazt\u00e1k \u00e9s kezelt\u00e9k. A nappali naps\u00fct\u00e9s a j\u00f3 hangulatot csak fokozta.<\/p>\n\n\n\n<p id=\"block-582b6dd5-c0ea-4a50-aec0-42caede8fe83\"><br><strong>Kezd\u0151k csapata:<\/strong><\/p>\n\n\n\n<figure class=\"wp-block-gallery has-nested-images columns-default is-cropped wp-block-gallery-1 is-layout-flex wp-block-gallery-is-layout-flex\">\n<figure class=\"wp-block-image size-large\"><img loading=\"lazy\" decoding=\"async\" width=\"1024\" height=\"768\" data-id=\"11631\" src=\"https:\/\/new.rothszki.hu\/wp-content\/uploads\/2025\/02\/2434ede8-8cd6-469d-82c7-f4f4a37e2155-1024x768.jpg\" alt=\"\" class=\"wp-image-11631\" srcset=\"https:\/\/new.rothszki.hu\/wp-content\/uploads\/2025\/02\/2434ede8-8cd6-469d-82c7-f4f4a37e2155-1024x768.jpg 1024w, https:\/\/new.rothszki.hu\/wp-content\/uploads\/2025\/02\/2434ede8-8cd6-469d-82c7-f4f4a37e2155-300x225.jpg 300w, https:\/\/new.rothszki.hu\/wp-content\/uploads\/2025\/02\/2434ede8-8cd6-469d-82c7-f4f4a37e2155-768x576.jpg 768w, https:\/\/new.rothszki.hu\/wp-content\/uploads\/2025\/02\/2434ede8-8cd6-469d-82c7-f4f4a37e2155-1536x1152.jpg 1536w, https:\/\/new.rothszki.hu\/wp-content\/uploads\/2025\/02\/2434ede8-8cd6-469d-82c7-f4f4a37e2155-465x349.jpg 465w, https:\/\/new.rothszki.hu\/wp-content\/uploads\/2025\/02\/2434ede8-8cd6-469d-82c7-f4f4a37e2155-667x500.jpg 667w, https:\/\/new.rothszki.hu\/wp-content\/uploads\/2025\/02\/2434ede8-8cd6-469d-82c7-f4f4a37e2155.jpg 2048w\" sizes=\"auto, (max-width: 1024px) 100vw, 1024px\" \/><\/figure>\n\n\n\n<figure class=\"wp-block-image size-large\"><img loading=\"lazy\" decoding=\"async\" width=\"1024\" height=\"768\" data-id=\"11632\" src=\"https:\/\/new.rothszki.hu\/wp-content\/uploads\/2025\/02\/f1246da0-21a3-4b28-a84e-650bd25ac38f-1024x768.jpg\" alt=\"\" class=\"wp-image-11632\" srcset=\"https:\/\/new.rothszki.hu\/wp-content\/uploads\/2025\/02\/f1246da0-21a3-4b28-a84e-650bd25ac38f-1024x768.jpg 1024w, https:\/\/new.rothszki.hu\/wp-content\/uploads\/2025\/02\/f1246da0-21a3-4b28-a84e-650bd25ac38f-300x225.jpg 300w, https:\/\/new.rothszki.hu\/wp-content\/uploads\/2025\/02\/f1246da0-21a3-4b28-a84e-650bd25ac38f-768x576.jpg 768w, https:\/\/new.rothszki.hu\/wp-content\/uploads\/2025\/02\/f1246da0-21a3-4b28-a84e-650bd25ac38f-1536x1152.jpg 1536w, https:\/\/new.rothszki.hu\/wp-content\/uploads\/2025\/02\/f1246da0-21a3-4b28-a84e-650bd25ac38f-465x349.jpg 465w, https:\/\/new.rothszki.hu\/wp-content\/uploads\/2025\/02\/f1246da0-21a3-4b28-a84e-650bd25ac38f-667x500.jpg 667w, https:\/\/new.rothszki.hu\/wp-content\/uploads\/2025\/02\/f1246da0-21a3-4b28-a84e-650bd25ac38f.jpg 2048w\" sizes=\"auto, (max-width: 1024px) 100vw, 1024px\" \/><\/figure>\n<\/figure>\n\n\n\n<p id=\"block-582b6dd5-c0ea-4a50-aec0-42caede8fe83\"><br><strong>Oktat\u00e1s k\u00f6zben:<\/strong><\/p>\n\n\n\n<figure class=\"wp-block-gallery has-nested-images columns-default is-cropped wp-block-gallery-2 is-layout-flex wp-block-gallery-is-layout-flex\">\n<figure class=\"wp-block-image size-large\"><img loading=\"lazy\" decoding=\"async\" width=\"1024\" height=\"768\" data-id=\"11634\" src=\"https:\/\/new.rothszki.hu\/wp-content\/uploads\/2025\/02\/19778803-5110-4ce5-acb6-dccc3b642fcd-1024x768.jpg\" alt=\"\" class=\"wp-image-11634\" srcset=\"https:\/\/new.rothszki.hu\/wp-content\/uploads\/2025\/02\/19778803-5110-4ce5-acb6-dccc3b642fcd-1024x768.jpg 1024w, https:\/\/new.rothszki.hu\/wp-content\/uploads\/2025\/02\/19778803-5110-4ce5-acb6-dccc3b642fcd-300x225.jpg 300w, https:\/\/new.rothszki.hu\/wp-content\/uploads\/2025\/02\/19778803-5110-4ce5-acb6-dccc3b642fcd-768x576.jpg 768w, https:\/\/new.rothszki.hu\/wp-content\/uploads\/2025\/02\/19778803-5110-4ce5-acb6-dccc3b642fcd-1536x1152.jpg 1536w, https:\/\/new.rothszki.hu\/wp-content\/uploads\/2025\/02\/19778803-5110-4ce5-acb6-dccc3b642fcd-465x349.jpg 465w, https:\/\/new.rothszki.hu\/wp-content\/uploads\/2025\/02\/19778803-5110-4ce5-acb6-dccc3b642fcd-667x500.jpg 667w, https:\/\/new.rothszki.hu\/wp-content\/uploads\/2025\/02\/19778803-5110-4ce5-acb6-dccc3b642fcd.jpg 2048w\" sizes=\"auto, (max-width: 1024px) 100vw, 1024px\" \/><\/figure>\n\n\n\n<figure class=\"wp-block-image size-large\"><img loading=\"lazy\" decoding=\"async\" width=\"1024\" height=\"768\" data-id=\"11633\" src=\"https:\/\/new.rothszki.hu\/wp-content\/uploads\/2025\/02\/49d412da-9a78-43e1-b7d5-3a9fe75a9eee-1024x768.jpg\" alt=\"\" class=\"wp-image-11633\" srcset=\"https:\/\/new.rothszki.hu\/wp-content\/uploads\/2025\/02\/49d412da-9a78-43e1-b7d5-3a9fe75a9eee-1024x768.jpg 1024w, https:\/\/new.rothszki.hu\/wp-content\/uploads\/2025\/02\/49d412da-9a78-43e1-b7d5-3a9fe75a9eee-300x225.jpg 300w, https:\/\/new.rothszki.hu\/wp-content\/uploads\/2025\/02\/49d412da-9a78-43e1-b7d5-3a9fe75a9eee-768x576.jpg 768w, https:\/\/new.rothszki.hu\/wp-content\/uploads\/2025\/02\/49d412da-9a78-43e1-b7d5-3a9fe75a9eee-1536x1152.jpg 1536w, https:\/\/new.rothszki.hu\/wp-content\/uploads\/2025\/02\/49d412da-9a78-43e1-b7d5-3a9fe75a9eee-465x349.jpg 465w, https:\/\/new.rothszki.hu\/wp-content\/uploads\/2025\/02\/49d412da-9a78-43e1-b7d5-3a9fe75a9eee-667x500.jpg 667w, https:\/\/new.rothszki.hu\/wp-content\/uploads\/2025\/02\/49d412da-9a78-43e1-b7d5-3a9fe75a9eee.jpg 2000w\" sizes=\"auto, (max-width: 1024px) 100vw, 1024px\" \/><\/figure>\n<\/figure>\n\n\n\n<p id=\"block-582b6dd5-c0ea-4a50-aec0-42caede8fe83\"><br>Mindenki nagyon \u00e9lvezte a s\u00edel\u00e9st. Kezd\u0151 tanul\u00f3inkra \u2013 Rudasits G\u00e1bor tan\u00e1r \u00far szakszer\u0171 oktat\u00e1s\u00e1nak k\u00f6sz\u00f6nhet\u0151en \u2013 ragadt a s\u00edel\u00e9s tudom\u00e1nya, k\u00e9t napon bel\u00fcl szinte mindenki a k\u00f6z\u00e9phalad\u00f3 p\u00e1lya \u201e\u00f6rd\u00f6g\u00e9v\u00e9\u201d v\u00e1lt.<br>Az el\u0151z\u0151 \u00e9ves t\u00e1borainkhoz hasonl\u00f3an cs\u00fct\u00f6rt\u00f6k\u00f6n este megrendezt\u00fck az avat\u00e1si szertart\u00e1sunkat, ahol a kezd\u0151 s\u00edel\u0151ket a \u201eDONOVALY HEGYEK \u00d6RD\u00d6GEIV\u00c9\u201d avattuk \u00e9s err\u0151l TAN\u00daS\u00cdTV\u00c1NYT is kaptak.<\/p>\n\n\n\n<p id=\"block-582b6dd5-c0ea-4a50-aec0-42caede8fe83\"><br>P\u00e9ntek volt az utols\u00f3 nap amikor s\u00edelhett\u00fcnk, d\u00e9lut\u00e1n 14.00 \u00f3rakor j\u00f6tt \u00e9rt\u00fcnk a busz \u00e9s indultunk haza.<br>F\u00e1j\u00f3 sz\u00edvvel \u00fclt\u00fcnk fel a buszra \u00e9s \u2013 egy kiad\u00f3s eb\u00e9d ut\u00e1n &#8211; h\u00e1tunk m\u00f6g\u00f6tt hagytuk a magas hegyeket.<\/p>\n\n\n\n<p id=\"block-582b6dd5-c0ea-4a50-aec0-42caede8fe83\"><br>K\u00f6sz\u00f6net\u00fcnket szeretn\u00e9nk kifejezni az Iskol\u00e1nk vezet\u0151s\u00e9g\u00e9nek \u00e9s ism\u00e9telten k\u00f6sz\u00f6nj\u00fck Varga \u00c1rp\u00e1d testnevel\u0151nek \u2013 felvid\u00e9ki szervez\u0151nknek a k\u00f6zrem\u0171k\u00f6d\u00e9s\u00e9t, mert seg\u00edts\u00e9ge n\u00e9lk\u00fcl nem tudtuk volna ezt a sz\u00ednvonalat biztos\u00edtani a s\u00edel\u00e9s \u00f6r\u00f6meihez, tov\u00e1bb\u00e1 k\u00f6sz\u00f6net\u00fcnket fejezz\u00fck ki a \u201eSOPRONI ERD\u00c9SZ \u00c9S FAIPAROSOK BAR\u00c1TI K\u00d6RE\u201d- nek a t\u00e1borunk t\u00e1mogat\u00e1s\u00e1\u00e9rt!<br>P\u00e9nteken este 20:30-ra \u00f3r\u00e1ra \u00e9rkezt\u00fcnk Sopronba.<br><\/p>\n\n\n\n<p id=\"block-582b6dd5-c0ea-4a50-aec0-42caede8fe83\">D\u00f3ra Gy\u00f6rgy<br>szervez\u0151 testnevel\u0151<\/p>\n","protected":false},"excerpt":{"rendered":"<p>Janu\u00e1r h\u00f3nap v\u00e9g\u00e9n \u2013 01.26.- 31. k\u00f6z\u00f6tt &#8211; iskol\u00e1nk t\u00e1mogat\u00e1s\u00e1val, D\u00f3ra Gy\u00f6rgy \u00e9s Rudasits G\u00e1bor testnevel\u0151k vezet\u00e9s\u00e9vel \u2013 k\u00f6zel 80 tanul\u00f3, de \u00f6sszesen 100 f\u0151 &#8211; ebben a tan\u00e9vben is megszervez\u00e9sre ker\u00fclt a ROTH iskolai S\u00cdT\u00c1BORA. Nemzetk\u00f6zi kapcsolatainkat er\u0151s\u00edtve, felvid\u00e9ki magyar iskol\u00e1k tanul\u00f3ival egy\u00fctt \u00f6r\u00fclhett\u00fcnk \u00e9s \u00e9lvezhett\u00fck e remek sport<span class=\"more-link\"><a href=\"https:\/\/new.rothszki.hu\/index.php\/2025\/02\/03\/sitabor-2024-25-donovaly-szlovakia\/\">Tov\u00e1bb&#8230;<\/a><\/span><\/p>\n","protected":false},"author":3,"featured_media":11635,"comment_status":"closed","ping_status":"closed","sticky":false,"template":"","format":"standard","meta":{"_monsterinsights_skip_tracking":false,"_monsterinsights_sitenote_active":false,"_monsterinsights_sitenote_note":"","_monsterinsights_sitenote_category":0,"footnotes":""},"categories":[2,5],"tags":[],"class_list":["entry","author-farago-sandorrothszki-hu","post-11629","post","type-post","status-publish","format-standard","has-post-thumbnail","category-aktualis","category-diakelet"],"_links":{"self":[{"href":"https:\/\/new.rothszki.hu\/index.php\/wp-json\/wp\/v2\/posts\/11629","targetHints":{"allow":["GET"]}}],"collection":[{"href":"https:\/\/new.rothszki.hu\/index.php\/wp-json\/wp\/v2\/posts"}],"about":[{"href":"https:\/\/new.rothszki.hu\/index.php\/wp-json\/wp\/v2\/types\/post"}],"author":[{"embeddable":true,"href":"https:\/\/new.rothszki.hu\/index.php\/wp-json\/wp\/v2\/users\/3"}],"replies":[{"embeddable":true,"href":"https:\/\/new.rothszki.hu\/index.php\/wp-json\/wp\/v2\/comments?post=11629"}],"version-history":[{"count":2,"href":"https:\/\/new.rothszki.hu\/index.php\/wp-json\/wp\/v2\/posts\/11629\/revisions"}],"predecessor-version":[{"id":11637,"href":"https:\/\/new.rothszki.hu\/index.php\/wp-json\/wp\/v2\/posts\/11629\/revisions\/11637"}],"wp:featuredmedia":[{"embeddable":true,"href":"https:\/\/new.rothszki.hu\/index.php\/wp-json\/wp\/v2\/media\/11635"}],"wp:attachment":[{"href":"https:\/\/new.rothszki.hu\/index.php\/wp-json\/wp\/v2\/media?parent=11629"}],"wp:term":[{"taxonomy":"category","embeddable":true,"href":"https:\/\/new.rothszki.hu\/index.php\/wp-json\/wp\/v2\/categories?post=11629"},{"taxonomy":"post_tag","embeddable":true,"href":"https:\/\/new.rothszki.hu\/index.php\/wp-json\/wp\/v2\/tags?post=11629"}],"curies":[{"name":"wp","href":"https:\/\/api.w.org\/{rel}","templated":true}]}}