{"id":12181,"date":"2025-09-01T19:00:00","date_gmt":"2025-09-01T19:00:00","guid":{"rendered":"https:\/\/new.rothszki.hu\/?p=12181"},"modified":"2025-09-10T08:02:51","modified_gmt":"2025-09-10T08:02:51","slug":"dr-golya-janos-fakitermelo-verseny","status":"publish","type":"post","link":"https:\/\/new.rothszki.hu\/index.php\/2025\/09\/01\/dr-golya-janos-fakitermelo-verseny\/","title":{"rendered":"Dr. G\u00f3lya J\u00e1nos fakitermel\u0151 eml\u00e9kverseny"},"content":{"rendered":"\n<p>Augusztus utols\u00f3 szombatj\u00e1n, a fest\u0151i Julien-v\u00f6lgyben rendezt\u00e9k meg a Dr. G\u00f3lya J\u00e1nos Fakitermel\u0151 Eml\u00e9kversenyt Fert\u0151bozon.<\/p>\n\n\n\n<p>A hagyom\u00e1nyos el\u0151v\u00e1logat\u00f3n harminc egy\u00e9ni fakitermel\u0151 m\u00e9rte \u00f6ssze tud\u00e1s\u00e1t a 36. Szlov\u00e9niai Fakitermel\u0151 Vil\u00e1gbajnoks\u00e1g el\u0151d\u00f6nt\u0151j\u00e9n.<\/p>\n\n\n\n<p>A viadal lebonyol\u00edt\u00e1s\u00e1t k\u00f6zel harminc \u00f6nk\u00e9ntes seg\u00edtette \u2013 k\u00f6zt\u00fck a Roth Gyula Erd\u00e9szeti Technikum tanul\u00f3i is, akik t\u00edzf\u0151s csapatban t\u00e1mogatt\u00e1k a szervez\u00e9st. A di\u00e1kok jelenl\u00e9te nem puszt\u00e1n t\u00e1mogat\u00e1s, hanem k\u00f6z\u00f6ss\u00e9gi kezdem\u00e9nyez\u00e9s: akt\u00edv \u00e9s felel\u0151ss\u00e9gteljes r\u00e9szv\u00e9tel az esem\u00e9ny siker\u00e9ben.<\/p>\n\n\n\n<p>A versenysz\u00e1mok k\u00f6z\u00f6tt szerepelt d\u00f6nt\u00e9s l\u00e9zeres m\u00e9r\u00e9ssel, l\u00e1nccsere, kombin\u00e1lt \u00e9s l\u00e1nck\u00edm\u00e9l\u0151 darabol\u00e1s, valamint gallyaz\u00e1s \u2013 mind nemzetk\u00f6zi szabv\u00e1ny szerint.<\/p>\n\n\n\n<p>A Roth-technikum di\u00e1kjai \u00e1ltal ny\u00fajtott seg\u00edts\u00e9g hozz\u00e1j\u00e1rult ahhoz, hogy a szervez\u00e9s g\u00f6rd\u00fcl\u00e9keny legyen \u00e9s a verseny \u00e9lm\u00e9nyd\u00fas a r\u00e9sztvev\u0151knek.<\/p>\n\n\n\n<p>Az esem\u00e9ny egyben tisztelg\u00e9s volt Dr. G\u00f3lya J\u00e1nos szakmai \u00e9s emberi \u00f6r\u00f6ks\u00e9ge el\u0151tt, a verseny pedig tov\u00e1bb viszi szellemis\u00e9g\u00e9t.<\/p>\n\n\n\n<p>A di\u00e1kok k\u00f6z\u00f6ss\u00e9gi szerepv\u00e1llal\u00e1sa er\u0151s\u00edtette az oktat\u00e1si int\u00e9zm\u00e9ny \u00e9s a helyi k\u00f6z\u00f6ss\u00e9g k\u00f6z\u00f6tti kapcsolatot.<\/p>\n\n\n\n<p>A verseny ut\u00e1n szeptember 27-\u00e9n folytat\u00f3dik a sorozat a \u201eK\u00e1ntor J\u00e1nos\u201d Eml\u00e9kversennyel M\u00e1traf\u00fcreden.<\/p>\n\n\n\n<p>\u00cdgy a fiatal gener\u00e1ci\u00f3 \u2013 k\u00fcl\u00f6n\u00f6sen a Roth Gyula Technikum tanul\u00f3i \u2013 nem csak szurkolnak, hanem r\u00e9szei is a szakmai k\u00f6z\u00f6ss\u00e9g \u00e9p\u00edt\u00e9s\u00e9nek \u00e9s a hagyom\u00e1ny \u00e1pol\u00e1s\u00e1nak.<\/p>\n\n\n\n<figure class=\"wp-block-gallery has-nested-images columns-default is-cropped wp-block-gallery-1 is-layout-flex wp-block-gallery-is-layout-flex\">\n<figure class=\"wp-block-image size-large\"><img loading=\"lazy\" decoding=\"async\" width=\"768\" height=\"1024\" data-id=\"12183\" src=\"https:\/\/new.rothszki.hu\/wp-content\/uploads\/2025\/09\/5d0f24b1a04342edae1823ecae0e5433-768x1024.jpg\" alt=\"\" class=\"wp-image-12183\" srcset=\"https:\/\/new.rothszki.hu\/wp-content\/uploads\/2025\/09\/5d0f24b1a04342edae1823ecae0e5433-768x1024.jpg 768w, https:\/\/new.rothszki.hu\/wp-content\/uploads\/2025\/09\/5d0f24b1a04342edae1823ecae0e5433-225x300.jpg 225w, https:\/\/new.rothszki.hu\/wp-content\/uploads\/2025\/09\/5d0f24b1a04342edae1823ecae0e5433-1152x1536.jpg 1152w, https:\/\/new.rothszki.hu\/wp-content\/uploads\/2025\/09\/5d0f24b1a04342edae1823ecae0e5433-413x550.jpg 413w, https:\/\/new.rothszki.hu\/wp-content\/uploads\/2025\/09\/5d0f24b1a04342edae1823ecae0e5433-375x500.jpg 375w, https:\/\/new.rothszki.hu\/wp-content\/uploads\/2025\/09\/5d0f24b1a04342edae1823ecae0e5433.jpg 1200w\" sizes=\"auto, (max-width: 768px) 100vw, 768px\" \/><\/figure>\n\n\n\n<figure class=\"wp-block-image size-large\"><img loading=\"lazy\" decoding=\"async\" width=\"768\" height=\"1024\" data-id=\"12184\" src=\"https:\/\/new.rothszki.hu\/wp-content\/uploads\/2025\/09\/7813347b20f64f2b87ee8b0fb954e0e9-768x1024.jpg\" alt=\"\" class=\"wp-image-12184\" srcset=\"https:\/\/new.rothszki.hu\/wp-content\/uploads\/2025\/09\/7813347b20f64f2b87ee8b0fb954e0e9-768x1024.jpg 768w, https:\/\/new.rothszki.hu\/wp-content\/uploads\/2025\/09\/7813347b20f64f2b87ee8b0fb954e0e9-225x300.jpg 225w, https:\/\/new.rothszki.hu\/wp-content\/uploads\/2025\/09\/7813347b20f64f2b87ee8b0fb954e0e9-1152x1536.jpg 1152w, https:\/\/new.rothszki.hu\/wp-content\/uploads\/2025\/09\/7813347b20f64f2b87ee8b0fb954e0e9-413x550.jpg 413w, https:\/\/new.rothszki.hu\/wp-content\/uploads\/2025\/09\/7813347b20f64f2b87ee8b0fb954e0e9-375x500.jpg 375w, https:\/\/new.rothszki.hu\/wp-content\/uploads\/2025\/09\/7813347b20f64f2b87ee8b0fb954e0e9.jpg 1200w\" sizes=\"auto, (max-width: 768px) 100vw, 768px\" \/><\/figure>\n<\/figure>\n\n\n<div class=\"wp-block-image\">\n<figure class=\"aligncenter size-large\"><img loading=\"lazy\" decoding=\"async\" width=\"1024\" height=\"768\" src=\"https:\/\/new.rothszki.hu\/wp-content\/uploads\/2025\/09\/IMG-20250830-WA00081-1024x768.jpg\" alt=\"\" class=\"wp-image-12218\" srcset=\"https:\/\/new.rothszki.hu\/wp-content\/uploads\/2025\/09\/IMG-20250830-WA00081-1024x768.jpg 1024w, https:\/\/new.rothszki.hu\/wp-content\/uploads\/2025\/09\/IMG-20250830-WA00081-300x225.jpg 300w, https:\/\/new.rothszki.hu\/wp-content\/uploads\/2025\/09\/IMG-20250830-WA00081-768x576.jpg 768w, https:\/\/new.rothszki.hu\/wp-content\/uploads\/2025\/09\/IMG-20250830-WA00081-465x349.jpg 465w, https:\/\/new.rothszki.hu\/wp-content\/uploads\/2025\/09\/IMG-20250830-WA00081-667x500.jpg 667w, https:\/\/new.rothszki.hu\/wp-content\/uploads\/2025\/09\/IMG-20250830-WA00081.jpg 1067w\" sizes=\"auto, (max-width: 1024px) 100vw, 1024px\" \/><\/figure>\n<\/div>","protected":false},"excerpt":{"rendered":"<p>Augusztus utols\u00f3 szombatj\u00e1n, a fest\u0151i Julien-v\u00f6lgyben rendezt\u00e9k meg a Dr. G\u00f3lya J\u00e1nos Fakitermel\u0151 Eml\u00e9kversenyt Fert\u0151bozon. A hagyom\u00e1nyos el\u0151v\u00e1logat\u00f3n harminc egy\u00e9ni fakitermel\u0151 m\u00e9rte \u00f6ssze tud\u00e1s\u00e1t a 36. Szlov\u00e9niai Fakitermel\u0151 Vil\u00e1gbajnoks\u00e1g el\u0151d\u00f6nt\u0151j\u00e9n. A viadal lebonyol\u00edt\u00e1s\u00e1t k\u00f6zel harminc \u00f6nk\u00e9ntes seg\u00edtette \u2013 k\u00f6zt\u00fck a Roth Gyula Erd\u00e9szeti Technikum tanul\u00f3i is, akik t\u00edzf\u0151s csapatban t\u00e1mogatt\u00e1k<span class=\"more-link\"><a href=\"https:\/\/new.rothszki.hu\/index.php\/2025\/09\/01\/dr-golya-janos-fakitermelo-verseny\/\">Tov\u00e1bb&#8230;<\/a><\/span><\/p>\n","protected":false},"author":3,"featured_media":12182,"comment_status":"closed","ping_status":"closed","sticky":false,"template":"","format":"standard","meta":{"_monsterinsights_skip_tracking":false,"_monsterinsights_sitenote_active":false,"_monsterinsights_sitenote_note":"","_monsterinsights_sitenote_category":0,"footnotes":""},"categories":[2,9],"tags":[],"class_list":["entry","author-farago-sandorrothszki-hu","post-12181","post","type-post","status-publish","format-standard","has-post-thumbnail","category-aktualis","category-intezmeny"],"_links":{"self":[{"href":"https:\/\/new.rothszki.hu\/index.php\/wp-json\/wp\/v2\/posts\/12181","targetHints":{"allow":["GET"]}}],"collection":[{"href":"https:\/\/new.rothszki.hu\/index.php\/wp-json\/wp\/v2\/posts"}],"about":[{"href":"https:\/\/new.rothszki.hu\/index.php\/wp-json\/wp\/v2\/types\/post"}],"author":[{"embeddable":true,"href":"https:\/\/new.rothszki.hu\/index.php\/wp-json\/wp\/v2\/users\/3"}],"replies":[{"embeddable":true,"href":"https:\/\/new.rothszki.hu\/index.php\/wp-json\/wp\/v2\/comments?post=12181"}],"version-history":[{"count":3,"href":"https:\/\/new.rothszki.hu\/index.php\/wp-json\/wp\/v2\/posts\/12181\/revisions"}],"predecessor-version":[{"id":12219,"href":"https:\/\/new.rothszki.hu\/index.php\/wp-json\/wp\/v2\/posts\/12181\/revisions\/12219"}],"wp:featuredmedia":[{"embeddable":true,"href":"https:\/\/new.rothszki.hu\/index.php\/wp-json\/wp\/v2\/media\/12182"}],"wp:attachment":[{"href":"https:\/\/new.rothszki.hu\/index.php\/wp-json\/wp\/v2\/media?parent=12181"}],"wp:term":[{"taxonomy":"category","embeddable":true,"href":"https:\/\/new.rothszki.hu\/index.php\/wp-json\/wp\/v2\/categories?post=12181"},{"taxonomy":"post_tag","embeddable":true,"href":"https:\/\/new.rothszki.hu\/index.php\/wp-json\/wp\/v2\/tags?post=12181"}],"curies":[{"name":"wp","href":"https:\/\/api.w.org\/{rel}","templated":true}]}}