{"id":12819,"date":"2026-03-12T09:04:00","date_gmt":"2026-03-12T09:04:00","guid":{"rendered":"https:\/\/new.rothszki.hu\/?p=12819"},"modified":"2026-03-13T12:08:50","modified_gmt":"2026-03-13T12:08:50","slug":"marcius-15-unnepseg-4","status":"publish","type":"post","link":"https:\/\/new.rothszki.hu\/index.php\/2026\/03\/12\/marcius-15-unnepseg-4\/","title":{"rendered":"M\u00e1rcius 15. \u00fcnneps\u00e9g"},"content":{"rendered":"\n<p>A Soproni Egyetem K\u00f6zgazdas\u00e1gtudom\u00e1nyi Kar\u00e1nak aul\u00e1j\u00e1ban m\u00e9lt\u00f3 m\u00f3don eml\u00e9kezt\u00fcnk meg az 1848\u201349-es forradalom \u00e9s szabads\u00e1gharc esem\u00e9nyeir\u0151l.<\/p>\n\n\n\n<p>1848. m\u00e1rcius 15-e a magyar t\u00f6rt\u00e9nelem egyik sorsford\u00edt\u00f3 napja: ekkor vette kezdet\u00e9t az a mozgalom, amely a polg\u00e1ri \u00e1talakul\u00e1s\u00e9rt, a nemzeti f\u00fcggetlens\u00e9g\u00e9rt \u00e9s a szabads\u00e1gjogok kiv\u00edv\u00e1s\u00e1\u00e9rt indult. E t\u00f6rt\u00e9nelmi pillanat egyben a modern, parlament\u00e1ris Magyarorsz\u00e1g sz\u00fclet\u00e9s\u00e9nek is tekinthet\u0151.<\/p>\n\n\n\n<p>Az 1848\u201349-es esem\u00e9nyek m\u00e1ig meghat\u00e1roz\u00f3 szerepet t\u00f6ltenek be haz\u00e1nk \u00fajkori t\u00f6rt\u00e9net\u00e9ben. A forradalom eszm\u00e9i \u2013 az egy\u00e9ni szabads\u00e1g, a nemzeti \u00f6nrendelkez\u00e9s \u00e9s a polg\u00e1ri fejl\u0151d\u00e9s ir\u00e1nti elk\u00f6telezetts\u00e9g \u2013 a magyar nemzeti identit\u00e1s alapk\u00f6veiv\u00e9 v\u00e1ltak.<\/p>\n\n\n\n<figure class=\"wp-block-gallery has-nested-images columns-2 is-cropped wp-block-gallery-1 is-layout-flex wp-block-gallery-is-layout-flex\">\n<figure class=\"wp-block-image size-large\"><img loading=\"lazy\" decoding=\"async\" width=\"1024\" height=\"683\" data-id=\"12823\" src=\"https:\/\/new.rothszki.hu\/wp-content\/uploads\/2026\/03\/IMG_9499-1024x683.jpg\" alt=\"\" class=\"wp-image-12823\" srcset=\"https:\/\/new.rothszki.hu\/wp-content\/uploads\/2026\/03\/IMG_9499-1024x683.jpg 1024w, https:\/\/new.rothszki.hu\/wp-content\/uploads\/2026\/03\/IMG_9499-300x200.jpg 300w, https:\/\/new.rothszki.hu\/wp-content\/uploads\/2026\/03\/IMG_9499-768x512.jpg 768w, https:\/\/new.rothszki.hu\/wp-content\/uploads\/2026\/03\/IMG_9499-1536x1024.jpg 1536w, https:\/\/new.rothszki.hu\/wp-content\/uploads\/2026\/03\/IMG_9499-2048x1365.jpg 2048w, https:\/\/new.rothszki.hu\/wp-content\/uploads\/2026\/03\/IMG_9499-465x310.jpg 465w, https:\/\/new.rothszki.hu\/wp-content\/uploads\/2026\/03\/IMG_9499-695x463.jpg 695w\" sizes=\"auto, (max-width: 1024px) 100vw, 1024px\" \/><\/figure>\n\n\n\n<figure class=\"wp-block-image size-large\"><img loading=\"lazy\" decoding=\"async\" width=\"1024\" height=\"683\" data-id=\"12822\" src=\"https:\/\/new.rothszki.hu\/wp-content\/uploads\/2026\/03\/IMG_9505-1024x683.jpg\" alt=\"\" class=\"wp-image-12822\" srcset=\"https:\/\/new.rothszki.hu\/wp-content\/uploads\/2026\/03\/IMG_9505-1024x683.jpg 1024w, https:\/\/new.rothszki.hu\/wp-content\/uploads\/2026\/03\/IMG_9505-300x200.jpg 300w, https:\/\/new.rothszki.hu\/wp-content\/uploads\/2026\/03\/IMG_9505-768x512.jpg 768w, https:\/\/new.rothszki.hu\/wp-content\/uploads\/2026\/03\/IMG_9505-1536x1024.jpg 1536w, https:\/\/new.rothszki.hu\/wp-content\/uploads\/2026\/03\/IMG_9505-2048x1365.jpg 2048w, https:\/\/new.rothszki.hu\/wp-content\/uploads\/2026\/03\/IMG_9505-465x310.jpg 465w, https:\/\/new.rothszki.hu\/wp-content\/uploads\/2026\/03\/IMG_9505-695x463.jpg 695w\" sizes=\"auto, (max-width: 1024px) 100vw, 1024px\" \/><\/figure>\n\n\n\n<figure class=\"wp-block-image size-large\"><img loading=\"lazy\" decoding=\"async\" width=\"1024\" height=\"683\" data-id=\"12821\" src=\"https:\/\/new.rothszki.hu\/wp-content\/uploads\/2026\/03\/IMG_9511-1024x683.jpg\" alt=\"\" class=\"wp-image-12821\" srcset=\"https:\/\/new.rothszki.hu\/wp-content\/uploads\/2026\/03\/IMG_9511-1024x683.jpg 1024w, https:\/\/new.rothszki.hu\/wp-content\/uploads\/2026\/03\/IMG_9511-300x200.jpg 300w, https:\/\/new.rothszki.hu\/wp-content\/uploads\/2026\/03\/IMG_9511-768x512.jpg 768w, https:\/\/new.rothszki.hu\/wp-content\/uploads\/2026\/03\/IMG_9511-1536x1024.jpg 1536w, https:\/\/new.rothszki.hu\/wp-content\/uploads\/2026\/03\/IMG_9511-2048x1365.jpg 2048w, https:\/\/new.rothszki.hu\/wp-content\/uploads\/2026\/03\/IMG_9511-465x310.jpg 465w, https:\/\/new.rothszki.hu\/wp-content\/uploads\/2026\/03\/IMG_9511-695x463.jpg 695w\" sizes=\"auto, (max-width: 1024px) 100vw, 1024px\" \/><\/figure>\n\n\n\n<figure class=\"wp-block-image size-large\"><img loading=\"lazy\" decoding=\"async\" width=\"1024\" height=\"683\" data-id=\"12820\" src=\"https:\/\/new.rothszki.hu\/wp-content\/uploads\/2026\/03\/IMG_9512-1024x683.jpg\" alt=\"\" class=\"wp-image-12820\" srcset=\"https:\/\/new.rothszki.hu\/wp-content\/uploads\/2026\/03\/IMG_9512-1024x683.jpg 1024w, https:\/\/new.rothszki.hu\/wp-content\/uploads\/2026\/03\/IMG_9512-300x200.jpg 300w, https:\/\/new.rothszki.hu\/wp-content\/uploads\/2026\/03\/IMG_9512-768x512.jpg 768w, https:\/\/new.rothszki.hu\/wp-content\/uploads\/2026\/03\/IMG_9512-1536x1024.jpg 1536w, https:\/\/new.rothszki.hu\/wp-content\/uploads\/2026\/03\/IMG_9512-2048x1365.jpg 2048w, https:\/\/new.rothszki.hu\/wp-content\/uploads\/2026\/03\/IMG_9512-465x310.jpg 465w, https:\/\/new.rothszki.hu\/wp-content\/uploads\/2026\/03\/IMG_9512-695x463.jpg 695w\" sizes=\"auto, (max-width: 1024px) 100vw, 1024px\" \/><\/figure>\n<\/figure>\n","protected":false},"excerpt":{"rendered":"<p>A Soproni Egyetem K\u00f6zgazdas\u00e1gtudom\u00e1nyi Kar\u00e1nak aul\u00e1j\u00e1ban m\u00e9lt\u00f3 m\u00f3don eml\u00e9kezt\u00fcnk meg az 1848\u201349-es forradalom \u00e9s szabads\u00e1gharc esem\u00e9nyeir\u0151l. 1848. m\u00e1rcius 15-e a magyar t\u00f6rt\u00e9nelem egyik sorsford\u00edt\u00f3 napja: ekkor vette kezdet\u00e9t az a mozgalom, amely a polg\u00e1ri \u00e1talakul\u00e1s\u00e9rt, a nemzeti f\u00fcggetlens\u00e9g\u00e9rt \u00e9s a szabads\u00e1gjogok kiv\u00edv\u00e1s\u00e1\u00e9rt indult. E t\u00f6rt\u00e9nelmi pillanat egyben a modern, parlament\u00e1ris<span class=\"more-link\"><a href=\"https:\/\/new.rothszki.hu\/index.php\/2026\/03\/12\/marcius-15-unnepseg-4\/\">Tov\u00e1bb&#8230;<\/a><\/span><\/p>\n","protected":false},"author":3,"featured_media":12824,"comment_status":"closed","ping_status":"closed","sticky":false,"template":"","format":"standard","meta":{"_monsterinsights_skip_tracking":false,"_monsterinsights_sitenote_active":false,"_monsterinsights_sitenote_note":"","_monsterinsights_sitenote_category":0,"footnotes":""},"categories":[2],"tags":[],"class_list":["entry","author-farago-sandorrothszki-hu","post-12819","post","type-post","status-publish","format-standard","has-post-thumbnail","category-aktualis"],"_links":{"self":[{"href":"https:\/\/new.rothszki.hu\/index.php\/wp-json\/wp\/v2\/posts\/12819","targetHints":{"allow":["GET"]}}],"collection":[{"href":"https:\/\/new.rothszki.hu\/index.php\/wp-json\/wp\/v2\/posts"}],"about":[{"href":"https:\/\/new.rothszki.hu\/index.php\/wp-json\/wp\/v2\/types\/post"}],"author":[{"embeddable":true,"href":"https:\/\/new.rothszki.hu\/index.php\/wp-json\/wp\/v2\/users\/3"}],"replies":[{"embeddable":true,"href":"https:\/\/new.rothszki.hu\/index.php\/wp-json\/wp\/v2\/comments?post=12819"}],"version-history":[{"count":3,"href":"https:\/\/new.rothszki.hu\/index.php\/wp-json\/wp\/v2\/posts\/12819\/revisions"}],"predecessor-version":[{"id":12827,"href":"https:\/\/new.rothszki.hu\/index.php\/wp-json\/wp\/v2\/posts\/12819\/revisions\/12827"}],"wp:featuredmedia":[{"embeddable":true,"href":"https:\/\/new.rothszki.hu\/index.php\/wp-json\/wp\/v2\/media\/12824"}],"wp:attachment":[{"href":"https:\/\/new.rothszki.hu\/index.php\/wp-json\/wp\/v2\/media?parent=12819"}],"wp:term":[{"taxonomy":"category","embeddable":true,"href":"https:\/\/new.rothszki.hu\/index.php\/wp-json\/wp\/v2\/categories?post=12819"},{"taxonomy":"post_tag","embeddable":true,"href":"https:\/\/new.rothszki.hu\/index.php\/wp-json\/wp\/v2\/tags?post=12819"}],"curies":[{"name":"wp","href":"https:\/\/api.w.org\/{rel}","templated":true}]}}