{"id":12988,"date":"2026-04-27T09:05:17","date_gmt":"2026-04-27T09:05:17","guid":{"rendered":"https:\/\/new.rothszki.hu\/?p=12988"},"modified":"2026-04-27T10:04:14","modified_gmt":"2026-04-27T10:04:14","slug":"bronzerem-az-erdesztechnikus-osztv-n","status":"publish","type":"post","link":"https:\/\/new.rothszki.hu\/index.php\/2026\/04\/27\/bronzerem-az-erdesztechnikus-osztv-n\/","title":{"rendered":"Bronz\u00e9rem az erd\u00e9sztechnikus OSZTV-n"},"content":{"rendered":"\n<p>\u00c1prilis 24-\u00e9n Budapesten, a Szakma Szt\u00e1r Fesztiv\u00e1l utols\u00f3 z\u00e1r\u00f3esem\u00e9ny\u00e9n adt\u00e1k \u00e1t az agr\u00e1rszakm\u00e1k Orsz\u00e1gos Szakmai Tanulm\u00e1nyi Versenyeinek d\u00edjait. Az Erd\u00e9sztechnikus OSZTV d\u00f6nt\u0151j\u00e9nek v\u00e9gs\u0151 eredm\u00e9nyei is ekkor v\u00e1ltak hivataloss\u00e1.<\/p>\n\n\n\n<p>Iskol\u00e1nk 13. B oszt\u00e1lyos tanul\u00f3ja, Horv\u00e1th Marcell kiemelked\u0151 teljes\u00edtm\u00e9nyt ny\u00fajtva a dobog\u00f3 harmadik fok\u00e1ra \u00e1llhatott.<\/p>\n\n\n\n<p>A versenyen tov\u00e1bbi tanul\u00f3ink is eredm\u00e9nyesen szerepeltek: Bukovics \u00c1ron, Kancsal Bence \u00e9s L\u00e1szl\u00f3 Levente szint\u00e9n sz\u00e9pen helyt\u00e1lltak az orsz\u00e1g legjobbjai k\u00f6z\u00f6tt.<\/p>\n\n\n\n<p>Gratul\u00e1lunk a versenyz\u0151knek az el\u00e9rt eredm\u00e9nyekhez, \u00e9s k\u00f6sz\u00f6nj\u00fck az erd\u00e9szeti munkak\u00f6z\u00f6ss\u00e9g tagjainak a felk\u00e9sz\u00edt\u00e9s sor\u00e1n v\u00e9gzett munk\u00e1j\u00e1t!<\/p>\n\n\n\n<figure class=\"wp-block-gallery has-nested-images columns-default is-cropped wp-block-gallery-1 is-layout-flex wp-block-gallery-is-layout-flex\">\n<figure class=\"wp-block-image size-large\"><img loading=\"lazy\" decoding=\"async\" width=\"768\" height=\"1024\" data-id=\"12995\" src=\"https:\/\/new.rothszki.hu\/wp-content\/uploads\/2026\/04\/1-768x1024.jpg\" alt=\"\" class=\"wp-image-12995\" srcset=\"https:\/\/new.rothszki.hu\/wp-content\/uploads\/2026\/04\/1-768x1024.jpg 768w, https:\/\/new.rothszki.hu\/wp-content\/uploads\/2026\/04\/1-225x300.jpg 225w, https:\/\/new.rothszki.hu\/wp-content\/uploads\/2026\/04\/1-1152x1536.jpg 1152w, https:\/\/new.rothszki.hu\/wp-content\/uploads\/2026\/04\/1-413x550.jpg 413w, https:\/\/new.rothszki.hu\/wp-content\/uploads\/2026\/04\/1-375x500.jpg 375w, https:\/\/new.rothszki.hu\/wp-content\/uploads\/2026\/04\/1-rotated.jpg 1512w\" sizes=\"auto, (max-width: 768px) 100vw, 768px\" \/><\/figure>\n\n\n\n<figure class=\"wp-block-image size-large\"><img loading=\"lazy\" decoding=\"async\" width=\"768\" height=\"1024\" data-id=\"12996\" src=\"https:\/\/new.rothszki.hu\/wp-content\/uploads\/2026\/04\/2-768x1024.jpg\" alt=\"\" class=\"wp-image-12996\" srcset=\"https:\/\/new.rothszki.hu\/wp-content\/uploads\/2026\/04\/2-768x1024.jpg 768w, https:\/\/new.rothszki.hu\/wp-content\/uploads\/2026\/04\/2-225x300.jpg 225w, https:\/\/new.rothszki.hu\/wp-content\/uploads\/2026\/04\/2-1152x1536.jpg 1152w, https:\/\/new.rothszki.hu\/wp-content\/uploads\/2026\/04\/2-413x550.jpg 413w, https:\/\/new.rothszki.hu\/wp-content\/uploads\/2026\/04\/2-375x500.jpg 375w, https:\/\/new.rothszki.hu\/wp-content\/uploads\/2026\/04\/2-rotated.jpg 1512w\" sizes=\"auto, (max-width: 768px) 100vw, 768px\" \/><\/figure>\n<\/figure>\n","protected":false},"excerpt":{"rendered":"<p>\u00c1prilis 24-\u00e9n Budapesten, a Szakma Szt\u00e1r Fesztiv\u00e1l utols\u00f3 z\u00e1r\u00f3esem\u00e9ny\u00e9n adt\u00e1k \u00e1t az agr\u00e1rszakm\u00e1k Orsz\u00e1gos Szakmai Tanulm\u00e1nyi Versenyeinek d\u00edjait. Az Erd\u00e9sztechnikus OSZTV d\u00f6nt\u0151j\u00e9nek v\u00e9gs\u0151 eredm\u00e9nyei is ekkor v\u00e1ltak hivataloss\u00e1. Iskol\u00e1nk 13. B oszt\u00e1lyos tanul\u00f3ja, Horv\u00e1th Marcell kiemelked\u0151 teljes\u00edtm\u00e9nyt ny\u00fajtva a dobog\u00f3 harmadik fok\u00e1ra \u00e1llhatott. A versenyen tov\u00e1bbi tanul\u00f3ink is eredm\u00e9nyesen szerepeltek:<span class=\"more-link\"><a href=\"https:\/\/new.rothszki.hu\/index.php\/2026\/04\/27\/bronzerem-az-erdesztechnikus-osztv-n\/\">Tov\u00e1bb&#8230;<\/a><\/span><\/p>\n","protected":false},"author":3,"featured_media":12989,"comment_status":"closed","ping_status":"closed","sticky":false,"template":"","format":"standard","meta":{"_monsterinsights_skip_tracking":false,"_monsterinsights_sitenote_active":false,"_monsterinsights_sitenote_note":"","_monsterinsights_sitenote_category":0,"footnotes":""},"categories":[2,4,17],"tags":[],"class_list":["entry","author-farago-sandorrothszki-hu","post-12988","post","type-post","status-publish","format-standard","has-post-thumbnail","category-aktualis","category-buszke","category-szakmai"],"_links":{"self":[{"href":"https:\/\/new.rothszki.hu\/index.php\/wp-json\/wp\/v2\/posts\/12988","targetHints":{"allow":["GET"]}}],"collection":[{"href":"https:\/\/new.rothszki.hu\/index.php\/wp-json\/wp\/v2\/posts"}],"about":[{"href":"https:\/\/new.rothszki.hu\/index.php\/wp-json\/wp\/v2\/types\/post"}],"author":[{"embeddable":true,"href":"https:\/\/new.rothszki.hu\/index.php\/wp-json\/wp\/v2\/users\/3"}],"replies":[{"embeddable":true,"href":"https:\/\/new.rothszki.hu\/index.php\/wp-json\/wp\/v2\/comments?post=12988"}],"version-history":[{"count":2,"href":"https:\/\/new.rothszki.hu\/index.php\/wp-json\/wp\/v2\/posts\/12988\/revisions"}],"predecessor-version":[{"id":12997,"href":"https:\/\/new.rothszki.hu\/index.php\/wp-json\/wp\/v2\/posts\/12988\/revisions\/12997"}],"wp:featuredmedia":[{"embeddable":true,"href":"https:\/\/new.rothszki.hu\/index.php\/wp-json\/wp\/v2\/media\/12989"}],"wp:attachment":[{"href":"https:\/\/new.rothszki.hu\/index.php\/wp-json\/wp\/v2\/media?parent=12988"}],"wp:term":[{"taxonomy":"category","embeddable":true,"href":"https:\/\/new.rothszki.hu\/index.php\/wp-json\/wp\/v2\/categories?post=12988"},{"taxonomy":"post_tag","embeddable":true,"href":"https:\/\/new.rothszki.hu\/index.php\/wp-json\/wp\/v2\/tags?post=12988"}],"curies":[{"name":"wp","href":"https:\/\/api.w.org\/{rel}","templated":true}]}}