{"id":13228,"date":"2026-09-04T07:46:23","date_gmt":"2026-09-04T07:46:23","guid":{"rendered":"https:\/\/new.rothszki.hu\/?p=13228"},"modified":"2026-09-04T07:48:36","modified_gmt":"2026-09-04T07:48:36","slug":"agrarszakkepzesi-orszagos-tanevnyito","status":"publish","type":"post","link":"https:\/\/new.rothszki.hu\/index.php\/2026\/09\/04\/agrarszakkepzesi-orszagos-tanevnyito\/","title":{"rendered":"Agr\u00e1rszakk\u00e9pz\u00e9si Orsz\u00e1gos tan\u00e9vnyit\u00f3 &#8211; 2026.09.04. 11:00 &#8211; \u00c9L\u0150"},"content":{"rendered":"\n<p class=\"wp-block-paragraph\"><strong><u>2026. szeptember 4-\u00e9n, p\u00e9nteken 11.00 \u00f3r\u00e1t\u00f3l<\/u><\/strong>\u00a0tartj\u00e1k az Agr\u00e1rszakk\u00e9pz\u00e9si Orsz\u00e1gos Tan\u00e9vnyit\u00f3 \u00fcnneps\u00e9get, amelyet \u00e9l\u0151ben k\u00f6zvet\u00edtenek a K\u00f6z\u00e9p-magyarorsz\u00e1gi Agr\u00e1rszakk\u00e9pz\u00e9si Ce.2ntrum Facebook-oldal\u00e1n.<\/p>\n\n\n\n<p class=\"wp-block-paragraph\">A k\u00f6zvet\u00edt\u00e9s az al\u00e1bbi linken lesz el\u00e9rhet\u0151: <a href=\"https:\/\/www.facebook.com\/kmaszc\">https:\/\/www.facebook.com\/kmaszc<\/a><\/p>\n","protected":false},"excerpt":{"rendered":"<p>2026. szeptember 4-\u00e9n, p\u00e9nteken 11.00 \u00f3r\u00e1t\u00f3l\u00a0tartj\u00e1k az Agr\u00e1rszakk\u00e9pz\u00e9si Orsz\u00e1gos Tan\u00e9vnyit\u00f3 \u00fcnneps\u00e9get, amelyet \u00e9l\u0151ben k\u00f6zvet\u00edtenek a K\u00f6z\u00e9p-magyarorsz\u00e1gi Agr\u00e1rszakk\u00e9pz\u00e9si Ce.2ntrum Facebook-oldal\u00e1n. A k\u00f6zvet\u00edt\u00e9s az al\u00e1bbi linken lesz el\u00e9rhet\u0151: https:\/\/www.facebook.com\/kmaszc<span class=\"more-link\"><a href=\"https:\/\/new.rothszki.hu\/index.php\/2026\/09\/04\/agrarszakkepzesi-orszagos-tanevnyito\/\">Tov\u00e1bb&#8230;<\/a><\/span><\/p>\n","protected":false},"author":3,"featured_media":13229,"comment_status":"closed","ping_status":"closed","sticky":false,"template":"","format":"standard","meta":{"_monsterinsights_skip_tracking":false,"footnotes":""},"categories":[2,8],"tags":[],"class_list":["entry","author-farago-sandorrothszki-hu","post-13228","post","type-post","status-publish","format-standard","has-post-thumbnail","category-aktualis","category-hirdetmeny"],"_links":{"self":[{"href":"https:\/\/new.rothszki.hu\/index.php\/wp-json\/wp\/v2\/posts\/13228","targetHints":{"allow":["GET"]}}],"collection":[{"href":"https:\/\/new.rothszki.hu\/index.php\/wp-json\/wp\/v2\/posts"}],"about":[{"href":"https:\/\/new.rothszki.hu\/index.php\/wp-json\/wp\/v2\/types\/post"}],"author":[{"embeddable":true,"href":"https:\/\/new.rothszki.hu\/index.php\/wp-json\/wp\/v2\/users\/3"}],"replies":[{"embeddable":true,"href":"https:\/\/new.rothszki.hu\/index.php\/wp-json\/wp\/v2\/comments?post=13228"}],"version-history":[{"count":3,"href":"https:\/\/new.rothszki.hu\/index.php\/wp-json\/wp\/v2\/posts\/13228\/revisions"}],"predecessor-version":[{"id":13232,"href":"https:\/\/new.rothszki.hu\/index.php\/wp-json\/wp\/v2\/posts\/13228\/revisions\/13232"}],"wp:featuredmedia":[{"embeddable":true,"href":"https:\/\/new.rothszki.hu\/index.php\/wp-json\/wp\/v2\/media\/13229"}],"wp:attachment":[{"href":"https:\/\/new.rothszki.hu\/index.php\/wp-json\/wp\/v2\/media?parent=13228"}],"wp:term":[{"taxonomy":"category","embeddable":true,"href":"https:\/\/new.rothszki.hu\/index.php\/wp-json\/wp\/v2\/categories?post=13228"},{"taxonomy":"post_tag","embeddable":true,"href":"https:\/\/new.rothszki.hu\/index.php\/wp-json\/wp\/v2\/tags?post=13228"}],"curies":[{"name":"wp","href":"https:\/\/api.w.org\/{rel}","templated":true}]}}