{"id":1856,"date":"2018-11-26T06:38:22","date_gmt":"2018-11-26T06:38:22","guid":{"rendered":"http:\/\/localhost\/?p=1856"},"modified":"2019-01-01T10:27:24","modified_gmt":"2019-01-01T10:27:24","slug":"beiskolazasi-kiallitas-2018","status":"publish","type":"post","link":"https:\/\/new.rothszki.hu\/index.php\/2018\/11\/26\/beiskolazasi-kiallitas-2018\/","title":{"rendered":"BEISKOL\u00c1Z\u00c1SI KI\u00c1LL\u00cdT\u00c1S 2018."},"content":{"rendered":"<p>A Liszt Ferenc Kultur\u00e1lis \u00e9s Konferencia K\u00f6zpont adott otthont a Soproni Tov\u00e1bbtanul\u00e1si Ki\u00e1ll\u00edt\u00e1snak.<br \/>\nA Roth Gyula Szakgimn\u00e1zium, Szakk\u00f6z\u00e9piskola \u00e9s Koll\u00e9gium standj\u00e1n\u00e1l az erd\u00e9sz, faiparos, k\u00f6rnyezetv\u00e9d\u0151, kert\u00e9sz, park\u00e9p\u00edt\u0151, sz\u0151l\u00e9sz-bor\u00e1sz, d\u00edszn\u00f6v\u00e9nykert\u00e9sz, \u00e9s vir\u00e1gk\u00f6t\u0151 szakjainkkal ismerkedhettek meg az \u00e9rdekl\u0151d\u0151k.<br \/>\nSzeretettel v\u00e1runk minden tov\u00e1bbtanul\u00f3 di\u00e1kot a k\u00f6vetkez\u0151 ny\u00edlt napjainkon is, november 29-\u00e9n, \u00e9s december 12-\u00e9n.<br \/>\n&nbsp;<br \/>\n<img loading=\"lazy\" decoding=\"async\" class=\"alignnone size-medium wp-image-1857\" src=\"http:\/\/localhost\/wp-content\/uploads\/2018\/11\/beiskkiallitas2018_6-300x200.jpg\" alt=\"\" width=\"300\" height=\"200\"> <img loading=\"lazy\" decoding=\"async\" class=\"alignnone size-medium wp-image-1858\" src=\"http:\/\/localhost\/wp-content\/uploads\/2018\/11\/beiskkiallitas2018_5-300x200.jpg\" alt=\"\" width=\"300\" height=\"200\"> <img loading=\"lazy\" decoding=\"async\" class=\"alignnone size-medium wp-image-1859\" src=\"http:\/\/localhost\/wp-content\/uploads\/2018\/11\/beiskkiallitas2018_4-300x200.jpg\" alt=\"\" width=\"300\" height=\"200\"> <img loading=\"lazy\" decoding=\"async\" class=\"alignnone size-medium wp-image-1860\" src=\"http:\/\/localhost\/wp-content\/uploads\/2018\/11\/beiskkiallitas2018_2-300x200.jpg\" alt=\"\" width=\"300\" height=\"200\"> <img loading=\"lazy\" decoding=\"async\" class=\"alignnone size-medium wp-image-1861\" src=\"http:\/\/localhost\/wp-content\/uploads\/2018\/11\/beiskkiallitas2018_1-300x200.jpg\" alt=\"\" width=\"300\" height=\"200\"><\/p>\n","protected":false},"excerpt":{"rendered":"<p>A Liszt Ferenc Kultur\u00e1lis \u00e9s Konferencia K\u00f6zpont adott otthont a Soproni Tov\u00e1bbtanul\u00e1si Ki\u00e1ll\u00edt\u00e1snak. A Roth Gyula Szakgimn\u00e1zium, Szakk\u00f6z\u00e9piskola \u00e9s Koll\u00e9gium standj\u00e1n\u00e1l az erd\u00e9sz, faiparos, k\u00f6rnyezetv\u00e9d\u0151, kert\u00e9sz, park\u00e9p\u00edt\u0151, sz\u0151l\u00e9sz-bor\u00e1sz, d\u00edszn\u00f6v\u00e9nykert\u00e9sz, \u00e9s vir\u00e1gk\u00f6t\u0151 szakjainkkal ismerkedhettek meg az \u00e9rdekl\u0151d\u0151k. Szeretettel v\u00e1runk minden tov\u00e1bbtanul\u00f3 di\u00e1kot a k\u00f6vetkez\u0151 ny\u00edlt napjainkon is, november 29-\u00e9n, \u00e9s december<span class=\"more-link\"><a href=\"https:\/\/new.rothszki.hu\/index.php\/2018\/11\/26\/beiskolazasi-kiallitas-2018\/\">Tov\u00e1bb&#8230;<\/a><\/span><\/p>\n","protected":false},"author":2,"featured_media":2169,"comment_status":"closed","ping_status":"closed","sticky":false,"template":"","format":"standard","meta":{"_monsterinsights_skip_tracking":false,"_monsterinsights_sitenote_active":false,"_monsterinsights_sitenote_note":"","_monsterinsights_sitenote_category":0,"footnotes":""},"categories":[2,10,13],"tags":[],"class_list":["entry","author-wordpress","post-1856","post","type-post","status-publish","format-standard","has-post-thumbnail","category-aktualis","category-kepzesek","category-oktatas"],"_links":{"self":[{"href":"https:\/\/new.rothszki.hu\/index.php\/wp-json\/wp\/v2\/posts\/1856","targetHints":{"allow":["GET"]}}],"collection":[{"href":"https:\/\/new.rothszki.hu\/index.php\/wp-json\/wp\/v2\/posts"}],"about":[{"href":"https:\/\/new.rothszki.hu\/index.php\/wp-json\/wp\/v2\/types\/post"}],"author":[{"embeddable":true,"href":"https:\/\/new.rothszki.hu\/index.php\/wp-json\/wp\/v2\/users\/2"}],"replies":[{"embeddable":true,"href":"https:\/\/new.rothszki.hu\/index.php\/wp-json\/wp\/v2\/comments?post=1856"}],"version-history":[{"count":2,"href":"https:\/\/new.rothszki.hu\/index.php\/wp-json\/wp\/v2\/posts\/1856\/revisions"}],"predecessor-version":[{"id":2791,"href":"https:\/\/new.rothszki.hu\/index.php\/wp-json\/wp\/v2\/posts\/1856\/revisions\/2791"}],"wp:featuredmedia":[{"embeddable":true,"href":"https:\/\/new.rothszki.hu\/index.php\/wp-json\/wp\/v2\/media\/2169"}],"wp:attachment":[{"href":"https:\/\/new.rothszki.hu\/index.php\/wp-json\/wp\/v2\/media?parent=1856"}],"wp:term":[{"taxonomy":"category","embeddable":true,"href":"https:\/\/new.rothszki.hu\/index.php\/wp-json\/wp\/v2\/categories?post=1856"},{"taxonomy":"post_tag","embeddable":true,"href":"https:\/\/new.rothszki.hu\/index.php\/wp-json\/wp\/v2\/tags?post=1856"}],"curies":[{"name":"wp","href":"https:\/\/api.w.org\/{rel}","templated":true}]}}