{"id":1925,"date":"2018-12-03T06:29:43","date_gmt":"2018-12-03T06:29:43","guid":{"rendered":"http:\/\/localhost\/?p=1925"},"modified":"2019-01-01T10:25:49","modified_gmt":"2019-01-01T10:25:49","slug":"afs-onkentes-tanulonk-eloadasa","status":"publish","type":"post","link":"https:\/\/new.rothszki.hu\/index.php\/2018\/12\/03\/afs-onkentes-tanulonk-eloadasa\/","title":{"rendered":"AFS \u00d6NK\u00c9NTES TANUL\u00d3NK EL\u0150AD\u00c1SA"},"content":{"rendered":"<p>Sarah Pfeifer ASF \u00f6nk\u00e9ntes november 21-\u00e9n \u00e9rdekes n\u00e9met nyelv\u0171 el\u0151ad\u00e1st tartott a 9.B, 10.A, 12.B,C oszt\u00e1lyok sz\u00e1m\u00e1ra. Az el\u0151ad\u00e1s t\u00e9m\u00e1ja:&nbsp; \u201eDie globale Kompetenz und Du\u201d (A glob\u00e1lis kompetencia \u00e9s te). J\u00e1t\u00e9kokon, interakt\u00edv feladatokon kereszt\u00fcl megismerhett\u00e9k a tanul\u00f3k, hogy milyen k\u00e9pess\u00e9gek sz\u00fcks\u00e9gesek ahhoz, hogy egym\u00e1st megismerj\u00fck, \u00e9s egy\u00fctt tudjunk dolgozni. Az el\u0151ad\u00e1s m\u00e1sodik r\u00e9sz\u00e9ben k\u00f6tetlen besz\u00e9lget\u00e9sben ismerhett\u00e9k meg a tanul\u00f3k az AFS \u00f6nk\u00e9ntesek munk\u00e1j\u00e1t. Kiv\u00e1l\u00f3 lehet\u0151s\u00e9g volt ez az alkalom az akt\u00edv nyelvhaszn\u00e1latra.<br \/>\n&nbsp;<br \/>\n<img loading=\"lazy\" decoding=\"async\" class=\"alignnone size-medium wp-image-1926\" src=\"http:\/\/localhost\/wp-content\/uploads\/2018\/12\/afs_ea_1-300x180.jpg\" alt=\"\" width=\"300\" height=\"180\"> <img loading=\"lazy\" decoding=\"async\" class=\"alignnone size-medium wp-image-1927\" src=\"http:\/\/localhost\/wp-content\/uploads\/2018\/12\/afs_ea_2-300x180.jpg\" alt=\"\" width=\"300\" height=\"180\"> <img loading=\"lazy\" decoding=\"async\" class=\"alignnone size-medium wp-image-1928\" src=\"http:\/\/localhost\/wp-content\/uploads\/2018\/12\/afs_ea_3-300x180.jpg\" alt=\"\" width=\"300\" height=\"180\"><\/p>\n","protected":false},"excerpt":{"rendered":"<p>Sarah Pfeifer ASF \u00f6nk\u00e9ntes november 21-\u00e9n \u00e9rdekes n\u00e9met nyelv\u0171 el\u0151ad\u00e1st tartott a 9.B, 10.A, 12.B,C oszt\u00e1lyok sz\u00e1m\u00e1ra. Az el\u0151ad\u00e1s t\u00e9m\u00e1ja:&nbsp; \u201eDie globale Kompetenz und Du\u201d (A glob\u00e1lis kompetencia \u00e9s te). J\u00e1t\u00e9kokon, interakt\u00edv feladatokon kereszt\u00fcl megismerhett\u00e9k a tanul\u00f3k, hogy milyen k\u00e9pess\u00e9gek sz\u00fcks\u00e9gesek ahhoz, hogy egym\u00e1st megismerj\u00fck, \u00e9s egy\u00fctt tudjunk dolgozni. Az<span class=\"more-link\"><a href=\"https:\/\/new.rothszki.hu\/index.php\/2018\/12\/03\/afs-onkentes-tanulonk-eloadasa\/\">Tov\u00e1bb&#8230;<\/a><\/span><\/p>\n","protected":false},"author":2,"featured_media":2179,"comment_status":"closed","ping_status":"closed","sticky":false,"template":"","format":"standard","meta":{"_monsterinsights_skip_tracking":false,"_monsterinsights_sitenote_active":false,"_monsterinsights_sitenote_note":"","_monsterinsights_sitenote_category":0,"footnotes":""},"categories":[2,5],"tags":[],"class_list":["entry","author-wordpress","post-1925","post","type-post","status-publish","format-standard","has-post-thumbnail","category-aktualis","category-diakelet"],"_links":{"self":[{"href":"https:\/\/new.rothszki.hu\/index.php\/wp-json\/wp\/v2\/posts\/1925","targetHints":{"allow":["GET"]}}],"collection":[{"href":"https:\/\/new.rothszki.hu\/index.php\/wp-json\/wp\/v2\/posts"}],"about":[{"href":"https:\/\/new.rothszki.hu\/index.php\/wp-json\/wp\/v2\/types\/post"}],"author":[{"embeddable":true,"href":"https:\/\/new.rothszki.hu\/index.php\/wp-json\/wp\/v2\/users\/2"}],"replies":[{"embeddable":true,"href":"https:\/\/new.rothszki.hu\/index.php\/wp-json\/wp\/v2\/comments?post=1925"}],"version-history":[{"count":2,"href":"https:\/\/new.rothszki.hu\/index.php\/wp-json\/wp\/v2\/posts\/1925\/revisions"}],"predecessor-version":[{"id":2787,"href":"https:\/\/new.rothszki.hu\/index.php\/wp-json\/wp\/v2\/posts\/1925\/revisions\/2787"}],"wp:featuredmedia":[{"embeddable":true,"href":"https:\/\/new.rothszki.hu\/index.php\/wp-json\/wp\/v2\/media\/2179"}],"wp:attachment":[{"href":"https:\/\/new.rothszki.hu\/index.php\/wp-json\/wp\/v2\/media?parent=1925"}],"wp:term":[{"taxonomy":"category","embeddable":true,"href":"https:\/\/new.rothszki.hu\/index.php\/wp-json\/wp\/v2\/categories?post=1925"},{"taxonomy":"post_tag","embeddable":true,"href":"https:\/\/new.rothszki.hu\/index.php\/wp-json\/wp\/v2\/tags?post=1925"}],"curies":[{"name":"wp","href":"https:\/\/api.w.org\/{rel}","templated":true}]}}