{"id":4526,"date":"2019-07-05T14:35:02","date_gmt":"2019-07-05T14:35:02","guid":{"rendered":"https:\/\/new.rothszki.hu\/?p=4526"},"modified":"2019-07-05T14:36:14","modified_gmt":"2019-07-05T14:36:14","slug":"megujult-a-roth-gyula-szakgimnazium-epulete","status":"publish","type":"post","link":"https:\/\/new.rothszki.hu\/index.php\/2019\/07\/05\/megujult-a-roth-gyula-szakgimnazium-epulete\/","title":{"rendered":"Meg\u00fajult a Roth Gyula Szakgimn\u00e1zium \u00e9p\u00fclete"},"content":{"rendered":"\n<p>A Modern V\u00e1rosok Program keret\u00e9ben, korm\u00e1nyzati t\u00e1mogat\u00e1sb\u00f3l \u00fajult meg a Roth Gyula Erd\u00e9szeti, Faipari, Kert\u00e9szeti, K\u00f6rnyezetv\u00e9delmi Szakgimn\u00e1zium, Szakk\u00f6z\u00e9piskola \u00e9s Koll\u00e9gium Szent Gy\u00f6rgy utcai \u00e9p\u00fclete.<\/p>\n\n\n\n<p>Sopron belv\u00e1ros\u00e1t fel\u00f6lel\u0151, komplex \u00e9p\u00fclet fel\u00faj\u00edt\u00e1si program r\u00e9szek\u00e9nt renov\u00e1lt\u00e1k az int\u00e9zm\u00e9ny homlokzat\u00e1t \u00e9s megt\u00f6rt\u00e9nt a ny\u00edl\u00e1sz\u00e1r\u00f3k cser\u00e9je is.<\/p>\n\n\n\n<figure class=\"wp-block-image\"><img loading=\"lazy\" decoding=\"async\" width=\"600\" height=\"450\" src=\"https:\/\/new.rothszki.hu\/wp-content\/uploads\/2019\/06\/2019iskola_600.jpg\" alt=\"\" class=\"wp-image-4509\" srcset=\"https:\/\/new.rothszki.hu\/wp-content\/uploads\/2019\/06\/2019iskola_600.jpg 600w, https:\/\/new.rothszki.hu\/wp-content\/uploads\/2019\/06\/2019iskola_600-300x225.jpg 300w, https:\/\/new.rothszki.hu\/wp-content\/uploads\/2019\/06\/2019iskola_600-465x349.jpg 465w\" sizes=\"auto, (max-width: 600px) 100vw, 600px\" \/><\/figure>\n","protected":false},"excerpt":{"rendered":"<p>A Modern V\u00e1rosok Program keret\u00e9ben, korm\u00e1nyzati t\u00e1mogat\u00e1sb\u00f3l \u00fajult meg a Roth Gyula Erd\u00e9szeti, Faipari, Kert\u00e9szeti, K\u00f6rnyezetv\u00e9delmi Szakgimn\u00e1zium, Szakk\u00f6z\u00e9piskola \u00e9s Koll\u00e9gium Szent Gy\u00f6rgy utcai \u00e9p\u00fclete. Sopron belv\u00e1ros\u00e1t fel\u00f6lel\u0151, komplex \u00e9p\u00fclet fel\u00faj\u00edt\u00e1si program r\u00e9szek\u00e9nt renov\u00e1lt\u00e1k az int\u00e9zm\u00e9ny homlokzat\u00e1t \u00e9s megt\u00f6rt\u00e9nt a ny\u00edl\u00e1sz\u00e1r\u00f3k cser\u00e9je is.<span class=\"more-link\"><a href=\"https:\/\/new.rothszki.hu\/index.php\/2019\/07\/05\/megujult-a-roth-gyula-szakgimnazium-epulete\/\">Tov\u00e1bb&#8230;<\/a><\/span><\/p>\n","protected":false},"author":3,"featured_media":4527,"comment_status":"closed","ping_status":"closed","sticky":false,"template":"","format":"standard","meta":{"_monsterinsights_skip_tracking":false,"_monsterinsights_sitenote_active":false,"_monsterinsights_sitenote_note":"","_monsterinsights_sitenote_category":0,"footnotes":""},"categories":[2,9],"tags":[],"class_list":["entry","author-farago-sandorrothszki-hu","post-4526","post","type-post","status-publish","format-standard","has-post-thumbnail","category-aktualis","category-intezmeny"],"_links":{"self":[{"href":"https:\/\/new.rothszki.hu\/index.php\/wp-json\/wp\/v2\/posts\/4526","targetHints":{"allow":["GET"]}}],"collection":[{"href":"https:\/\/new.rothszki.hu\/index.php\/wp-json\/wp\/v2\/posts"}],"about":[{"href":"https:\/\/new.rothszki.hu\/index.php\/wp-json\/wp\/v2\/types\/post"}],"author":[{"embeddable":true,"href":"https:\/\/new.rothszki.hu\/index.php\/wp-json\/wp\/v2\/users\/3"}],"replies":[{"embeddable":true,"href":"https:\/\/new.rothszki.hu\/index.php\/wp-json\/wp\/v2\/comments?post=4526"}],"version-history":[{"count":2,"href":"https:\/\/new.rothszki.hu\/index.php\/wp-json\/wp\/v2\/posts\/4526\/revisions"}],"predecessor-version":[{"id":4529,"href":"https:\/\/new.rothszki.hu\/index.php\/wp-json\/wp\/v2\/posts\/4526\/revisions\/4529"}],"wp:featuredmedia":[{"embeddable":true,"href":"https:\/\/new.rothszki.hu\/index.php\/wp-json\/wp\/v2\/media\/4527"}],"wp:attachment":[{"href":"https:\/\/new.rothszki.hu\/index.php\/wp-json\/wp\/v2\/media?parent=4526"}],"wp:term":[{"taxonomy":"category","embeddable":true,"href":"https:\/\/new.rothszki.hu\/index.php\/wp-json\/wp\/v2\/categories?post=4526"},{"taxonomy":"post_tag","embeddable":true,"href":"https:\/\/new.rothszki.hu\/index.php\/wp-json\/wp\/v2\/tags?post=4526"}],"curies":[{"name":"wp","href":"https:\/\/api.w.org\/{rel}","templated":true}]}}