{"id":5426,"date":"2019-10-04T06:45:22","date_gmt":"2019-10-04T06:45:22","guid":{"rendered":"https:\/\/new.rothszki.hu\/?p=5426"},"modified":"2019-10-04T06:45:24","modified_gmt":"2019-10-04T06:45:24","slug":"omek-2019","status":"publish","type":"post","link":"https:\/\/new.rothszki.hu\/index.php\/2019\/10\/04\/omek-2019\/","title":{"rendered":"OM\u00c9K 2019."},"content":{"rendered":"\n<p>Id\u00e9n is a HUNGEXPO ter\u00fclet\u00e9n rendezt\u00e9k meg a 79. Orsz\u00e1gos Mez\u0151gazdas\u00e1gi \u00e9s \u00c9lelmiszeripari Ki\u00e1ll\u00edt\u00e1st.<\/p>\n\n\n\n<p>A magyar\nagr\u00e1rium \u00e9s \u00e9lelmiszergazdas\u00e1g legjav\u00e1t bemutat\u00f3 n\u00e9gy napos&nbsp;rendezv\u00e9nyen\naz Agr\u00e1rminiszt\u00e9rium lehet\u0151s\u00e9get biztos\u00edtott az ir\u00e1ny\u00edt\u00e1sa alatt \u00e1ll\u00f3 iskol\u00e1knak\na bemutatkoz\u00e1sra.<\/p>\n\n\n\n<p>Iskol\u00e1nk\nstandj\u00e1n\u00e1l az \u00e9rdekl\u0151d\u0151knek t\u00e1j\u00e9koztat\u00e1st ny\u00fajtottunk&nbsp;k\u00e9pz\u00e9seinkr\u0151l,\nbemutattuk a tan\u00edtott szakm\u00e1kat, az erd\u00e9sz, a&nbsp;faiparos, a kert\u00e9sz \u00e9s\na&nbsp;k\u00f6rnyezetv\u00e9delmi szakokat.<\/p>\n\n\n\n<p><em>Seg\u00edts\u00e9g\u00fcnkre voltak: Tak\u00e1cs Rita, Kov\u00e1cs Ad\u00e9l,\u00a0Wenesz Dominik, D\u00f3bi\u00e1s Bence tanul\u00f3k a 13.B illetve 13.C oszt\u00e1lyb\u00f3l. A meglehet\u0151sen f\u00e1raszt\u00f3 program el\u0151k\u00e9sz\u00fcleteiben, lebonyol\u00edt\u00e1sa sor\u00e1n p\u00e9ldamutat\u00f3 magatart\u00e1st tan\u00fas\u00edtottak, dics\u00e9retet\u00a0\u00e9rdemelnek!<\/em><\/p>\n\n\n\n<ul class=\"wp-block-gallery columns-3 is-cropped wp-block-gallery-1 is-layout-flex wp-block-gallery-is-layout-flex\"><li class=\"blocks-gallery-item\"><figure><img loading=\"lazy\" decoding=\"async\" width=\"1024\" height=\"768\" src=\"https:\/\/new.rothszki.hu\/wp-content\/uploads\/2019\/10\/IMG_20190928_095700-1024x768.jpg\" alt=\"\" data-id=\"5427\" data-link=\"https:\/\/new.rothszki.hu\/?attachment_id=5427\" class=\"wp-image-5427\" srcset=\"https:\/\/new.rothszki.hu\/wp-content\/uploads\/2019\/10\/IMG_20190928_095700-1024x768.jpg 1024w, https:\/\/new.rothszki.hu\/wp-content\/uploads\/2019\/10\/IMG_20190928_095700-300x225.jpg 300w, https:\/\/new.rothszki.hu\/wp-content\/uploads\/2019\/10\/IMG_20190928_095700-768x576.jpg 768w, https:\/\/new.rothszki.hu\/wp-content\/uploads\/2019\/10\/IMG_20190928_095700-465x349.jpg 465w, https:\/\/new.rothszki.hu\/wp-content\/uploads\/2019\/10\/IMG_20190928_095700-667x500.jpg 667w\" sizes=\"auto, (max-width: 1024px) 100vw, 1024px\" \/><\/figure><\/li><li class=\"blocks-gallery-item\"><figure><img loading=\"lazy\" decoding=\"async\" width=\"1024\" height=\"768\" src=\"https:\/\/new.rothszki.hu\/wp-content\/uploads\/2019\/10\/IMG_20190928_095731-1024x768.jpg\" alt=\"\" data-id=\"5428\" data-link=\"https:\/\/new.rothszki.hu\/?attachment_id=5428\" class=\"wp-image-5428\" srcset=\"https:\/\/new.rothszki.hu\/wp-content\/uploads\/2019\/10\/IMG_20190928_095731-1024x768.jpg 1024w, https:\/\/new.rothszki.hu\/wp-content\/uploads\/2019\/10\/IMG_20190928_095731-300x225.jpg 300w, https:\/\/new.rothszki.hu\/wp-content\/uploads\/2019\/10\/IMG_20190928_095731-768x576.jpg 768w, https:\/\/new.rothszki.hu\/wp-content\/uploads\/2019\/10\/IMG_20190928_095731-465x349.jpg 465w, https:\/\/new.rothszki.hu\/wp-content\/uploads\/2019\/10\/IMG_20190928_095731-667x500.jpg 667w\" sizes=\"auto, (max-width: 1024px) 100vw, 1024px\" \/><\/figure><\/li><li class=\"blocks-gallery-item\"><figure><img loading=\"lazy\" decoding=\"async\" width=\"1024\" height=\"768\" src=\"https:\/\/new.rothszki.hu\/wp-content\/uploads\/2019\/10\/IMG_20190928_104157-1024x768.jpg\" alt=\"\" data-id=\"5429\" data-link=\"https:\/\/new.rothszki.hu\/?attachment_id=5429\" class=\"wp-image-5429\" srcset=\"https:\/\/new.rothszki.hu\/wp-content\/uploads\/2019\/10\/IMG_20190928_104157-1024x768.jpg 1024w, https:\/\/new.rothszki.hu\/wp-content\/uploads\/2019\/10\/IMG_20190928_104157-300x225.jpg 300w, https:\/\/new.rothszki.hu\/wp-content\/uploads\/2019\/10\/IMG_20190928_104157-768x576.jpg 768w, https:\/\/new.rothszki.hu\/wp-content\/uploads\/2019\/10\/IMG_20190928_104157-465x349.jpg 465w, https:\/\/new.rothszki.hu\/wp-content\/uploads\/2019\/10\/IMG_20190928_104157-667x500.jpg 667w\" sizes=\"auto, (max-width: 1024px) 100vw, 1024px\" \/><\/figure><\/li><li class=\"blocks-gallery-item\"><figure><img loading=\"lazy\" decoding=\"async\" width=\"1024\" height=\"768\" src=\"https:\/\/new.rothszki.hu\/wp-content\/uploads\/2019\/10\/IMG_20190928_122157-1024x768.jpg\" alt=\"\" data-id=\"5430\" data-link=\"https:\/\/new.rothszki.hu\/?attachment_id=5430\" class=\"wp-image-5430\" srcset=\"https:\/\/new.rothszki.hu\/wp-content\/uploads\/2019\/10\/IMG_20190928_122157-1024x768.jpg 1024w, https:\/\/new.rothszki.hu\/wp-content\/uploads\/2019\/10\/IMG_20190928_122157-300x225.jpg 300w, https:\/\/new.rothszki.hu\/wp-content\/uploads\/2019\/10\/IMG_20190928_122157-768x576.jpg 768w, https:\/\/new.rothszki.hu\/wp-content\/uploads\/2019\/10\/IMG_20190928_122157-465x349.jpg 465w, https:\/\/new.rothszki.hu\/wp-content\/uploads\/2019\/10\/IMG_20190928_122157-667x500.jpg 667w\" sizes=\"auto, (max-width: 1024px) 100vw, 1024px\" \/><\/figure><\/li><\/ul>\n","protected":false},"excerpt":{"rendered":"<p>Id\u00e9n is a HUNGEXPO ter\u00fclet\u00e9n rendezt\u00e9k meg a 79. Orsz\u00e1gos Mez\u0151gazdas\u00e1gi \u00e9s \u00c9lelmiszeripari Ki\u00e1ll\u00edt\u00e1st. A magyar agr\u00e1rium \u00e9s \u00e9lelmiszergazdas\u00e1g legjav\u00e1t bemutat\u00f3 n\u00e9gy napos&nbsp;rendezv\u00e9nyen az Agr\u00e1rminiszt\u00e9rium lehet\u0151s\u00e9get biztos\u00edtott az ir\u00e1ny\u00edt\u00e1sa alatt \u00e1ll\u00f3 iskol\u00e1knak a bemutatkoz\u00e1sra. Iskol\u00e1nk standj\u00e1n\u00e1l az \u00e9rdekl\u0151d\u0151knek t\u00e1j\u00e9koztat\u00e1st ny\u00fajtottunk&nbsp;k\u00e9pz\u00e9seinkr\u0151l, bemutattuk a tan\u00edtott szakm\u00e1kat, az erd\u00e9sz, a&nbsp;faiparos, a kert\u00e9sz \u00e9s<span class=\"more-link\"><a href=\"https:\/\/new.rothszki.hu\/index.php\/2019\/10\/04\/omek-2019\/\">Tov\u00e1bb&#8230;<\/a><\/span><\/p>\n","protected":false},"author":3,"featured_media":5431,"comment_status":"closed","ping_status":"closed","sticky":false,"template":"","format":"standard","meta":{"_monsterinsights_skip_tracking":false,"_monsterinsights_sitenote_active":false,"_monsterinsights_sitenote_note":"","_monsterinsights_sitenote_category":0,"footnotes":""},"categories":[2,9],"tags":[],"class_list":["entry","author-farago-sandorrothszki-hu","post-5426","post","type-post","status-publish","format-standard","has-post-thumbnail","category-aktualis","category-intezmeny"],"_links":{"self":[{"href":"https:\/\/new.rothszki.hu\/index.php\/wp-json\/wp\/v2\/posts\/5426","targetHints":{"allow":["GET"]}}],"collection":[{"href":"https:\/\/new.rothszki.hu\/index.php\/wp-json\/wp\/v2\/posts"}],"about":[{"href":"https:\/\/new.rothszki.hu\/index.php\/wp-json\/wp\/v2\/types\/post"}],"author":[{"embeddable":true,"href":"https:\/\/new.rothszki.hu\/index.php\/wp-json\/wp\/v2\/users\/3"}],"replies":[{"embeddable":true,"href":"https:\/\/new.rothszki.hu\/index.php\/wp-json\/wp\/v2\/comments?post=5426"}],"version-history":[{"count":1,"href":"https:\/\/new.rothszki.hu\/index.php\/wp-json\/wp\/v2\/posts\/5426\/revisions"}],"predecessor-version":[{"id":5432,"href":"https:\/\/new.rothszki.hu\/index.php\/wp-json\/wp\/v2\/posts\/5426\/revisions\/5432"}],"wp:featuredmedia":[{"embeddable":true,"href":"https:\/\/new.rothszki.hu\/index.php\/wp-json\/wp\/v2\/media\/5431"}],"wp:attachment":[{"href":"https:\/\/new.rothszki.hu\/index.php\/wp-json\/wp\/v2\/media?parent=5426"}],"wp:term":[{"taxonomy":"category","embeddable":true,"href":"https:\/\/new.rothszki.hu\/index.php\/wp-json\/wp\/v2\/categories?post=5426"},{"taxonomy":"post_tag","embeddable":true,"href":"https:\/\/new.rothszki.hu\/index.php\/wp-json\/wp\/v2\/tags?post=5426"}],"curies":[{"name":"wp","href":"https:\/\/api.w.org\/{rel}","templated":true}]}}