{"id":6010,"date":"2020-02-17T11:16:00","date_gmt":"2020-02-17T11:16:00","guid":{"rendered":"https:\/\/new.rothszki.hu\/?p=6010"},"modified":"2020-02-17T11:16:02","modified_gmt":"2020-02-17T11:16:02","slug":"erofesztival-2020","status":"publish","type":"post","link":"https:\/\/new.rothszki.hu\/index.php\/2020\/02\/17\/erofesztival-2020\/","title":{"rendered":"Er\u0151fesztiv\u00e1l 2020."},"content":{"rendered":"\n<p>Mint minden tan\u00e9vben, ebben az \u00e9vben is a\nSz\u00e9chenyi Istv\u00e1n Gimn\u00e1zium \u00e1ltal megrendez\u00e9sre ker\u00fclt \u2013 <em>a tanul\u00f3ink \u00e1ltal k\u00f6zkedvelt<\/em>\n\u2013 <strong>ER\u0150FESZTIV\u00c1L.<\/strong>\nA v\u00e1ros \u00fcgyes \u00e9s er\u0151s di\u00e1kjai m\u00e9rt\u00e9k \u00f6ssze tehets\u00e9g\u00fcket, amelyb\u0151l a <strong>ROTH SZAKGIMN\u00c1ZIUM<\/strong>\ntanul\u00f3i magasan j\u00f3 eredm\u00e9nyeket \u00e9rtek el. A <strong>k\u00f6t\u00e9lh\u00faz\u00e1s <\/strong>komoly k\u00fczdelme nagy\n\u00e9rdekl\u0151d\u00e9snek \u00f6rvendett, de ellenf\u00e9lre nem akadtunk. Megtartottuk az iskol\u00e1nk\nr\u00e9g elismert<em> \u201ek\u00f6t\u00e9lh\u00faz\u00f3\nbecs\u00fclet\u00e9t<\/em>\u201d f\u00f6l\u00e9nyes gy\u0151zelmet arattunk. <\/p>\n\n\n\n<p><strong>Felk\u00e9sz\u00edt\u0151\ntan\u00e1rok:<\/strong> D\u00f3ra\nGy\u00f6rgy \u00e9s Rudasits G\u00e1bor<\/p>\n\n\n\n<p><br>\n<strong>Versenysz\u00e1mok \u2013\nHelyez\u00e9sek:<\/strong><\/p>\n\n\n\n<p><strong>Ingafut\u00e1s:<\/strong> V. kateg\u00f3ria: B\u00e1cs P\u00e9ter \u2013 2. hely<\/p>\n\n\n\n<p><strong>K\u00f6t\u00e9lm\u00e1sz\u00e1s \u2013 f\u00fcggeszked\u00e9s:<\/strong> V. kateg\u00f3ria: <\/p>\n\n\n\n<p>Selmeczi D\u00e1vid \u2013 1.hely\u00a0\u00a0\u00a0\u00a0\u00a0\u00a0\u00a0\u00a0\u00a0\u00a0\u00a0\u00a0\u00a0\u00a0\u00a0\u00a0\u00a0\u00a0\u00a0\u00a0\u00a0\u00a0\u00a0\u00a0\u00a0\u00a0\u00a0\u00a0\u00a0\u00a0\u00a0\u00a0\u00a0\u00a0\u00a0\u00a0\u00a0\u00a0\u00a0\u00a0\u00a0\u00a0\u00a0\u00a0\u00a0\u00a0\u00a0\u00a0\u00a0\u00a0\u00a0\u00a0\u00a0\u00a0\u00a0\u00a0\u00a0\u00a0\u00a0\u00a0\u00a0\u00a0\u00a0\u00a0\u00a0\u00a0\u00a0 \u00a0\u00a0\u00a0\u00a0\u00a0\u00a0\u00a0\u00a0<\/p>\n\n\n\n<p>Selyem P\u00e9ter\u00a0\u00a0 \u00a0\u2013 3.hely<br> <\/p>\n\n\n\n<p>VI. kateg\u00f3ria: T\u00f3th Simon \u00a0\u00a0\u00a0\u00a0\u00a0\u2013 3.hely<\/p>\n\n\n\n<p><strong>Szkander:<\/strong>\n&nbsp;&nbsp;&nbsp;&nbsp;&nbsp;&nbsp;&nbsp;&nbsp;&nbsp;&nbsp;&nbsp;&nbsp;60kg-os\nkat.: Penczinger Gerg\u0151 \u2013 1.hely<\/p>\n\n\n\n<p>&nbsp;&nbsp;&nbsp;&nbsp;&nbsp;&nbsp;&nbsp;&nbsp;&nbsp;&nbsp;&nbsp;&nbsp;&nbsp;&nbsp;&nbsp;&nbsp;&nbsp;&nbsp;&nbsp;&nbsp;&nbsp;&nbsp;&nbsp;&nbsp;&nbsp;&nbsp;&nbsp;&nbsp;&nbsp;&nbsp;&nbsp;&nbsp;&nbsp;&nbsp;&nbsp;&nbsp;&nbsp;&nbsp;&nbsp;&nbsp;&nbsp;&nbsp;&nbsp;&nbsp;&nbsp;&nbsp;&nbsp;&nbsp;&nbsp;&nbsp;&nbsp;&nbsp;&nbsp;&nbsp;\nSelmeczi D\u00e1vid&nbsp;&nbsp;&nbsp;&nbsp; &nbsp;\u2013 2.hely <\/p>\n\n\n\n<p>&nbsp;&nbsp;&nbsp;&nbsp;&nbsp;&nbsp;&nbsp;&nbsp;&nbsp;&nbsp;&nbsp;&nbsp;&nbsp;&nbsp;&nbsp;&nbsp;&nbsp;&nbsp;&nbsp;&nbsp;&nbsp;&nbsp;&nbsp;&nbsp;&nbsp;&nbsp;&nbsp;&nbsp;&nbsp;&nbsp;&nbsp;\n70kg-os kat.: T\u00f3th Simon &nbsp;&nbsp;&nbsp;&nbsp;&nbsp;&nbsp;&nbsp;&nbsp;&nbsp;&nbsp;\u2013\n2.hely<\/p>\n\n\n\n<p>&nbsp;&nbsp;&nbsp;&nbsp;&nbsp;&nbsp;&nbsp;&nbsp;&nbsp;&nbsp;&nbsp;&nbsp;&nbsp;&nbsp;&nbsp;&nbsp;&nbsp;&nbsp;&nbsp;&nbsp;&nbsp;&nbsp;&nbsp;&nbsp;&nbsp;\n&nbsp;&nbsp;&nbsp;&nbsp;&nbsp;&nbsp;&nbsp;&nbsp;&nbsp;&nbsp;&nbsp;&nbsp;&nbsp;&nbsp;&nbsp;&nbsp;&nbsp;&nbsp;&nbsp;&nbsp;&nbsp;&nbsp;&nbsp;&nbsp;&nbsp;&nbsp;&nbsp;&nbsp;&nbsp;&nbsp;Tausanov\nMih\u00e1ly \u2013 3.hely<\/p>\n\n\n\n<p>&nbsp;&nbsp;&nbsp;&nbsp;&nbsp;&nbsp;&nbsp;&nbsp;&nbsp;&nbsp;&nbsp;&nbsp;&nbsp;&nbsp;&nbsp;&nbsp;&nbsp;&nbsp;&nbsp;&nbsp;&nbsp;&nbsp;&nbsp;&nbsp;&nbsp;&nbsp;&nbsp;&nbsp;&nbsp;&nbsp;\n110kg-os kat.: Szax B\u00e1lint &nbsp;\u2013 1.hely<\/p>\n\n\n\n<p>&nbsp;&nbsp;&nbsp;&nbsp;&nbsp;&nbsp;&nbsp;&nbsp;&nbsp;&nbsp;&nbsp;&nbsp;&nbsp;&nbsp;&nbsp;&nbsp;&nbsp;&nbsp;&nbsp;&nbsp;&nbsp;&nbsp;&nbsp;&nbsp;&nbsp;&nbsp;&nbsp;&nbsp;&nbsp;&nbsp;&nbsp;&nbsp;&nbsp;&nbsp;&nbsp;&nbsp;&nbsp;&nbsp;&nbsp;&nbsp;&nbsp;&nbsp;&nbsp;&nbsp;&nbsp;&nbsp;&nbsp;&nbsp;&nbsp;&nbsp;&nbsp;&nbsp;&nbsp;&nbsp;&nbsp;&nbsp;\nG\u00e1l Gergely \u2013 2.hely<\/p>\n\n\n\n<p>&nbsp;&nbsp;&nbsp;&nbsp;&nbsp;&nbsp;&nbsp;&nbsp;&nbsp;&nbsp;\n&nbsp;&nbsp;&nbsp;&nbsp;&nbsp;&nbsp;&nbsp;&nbsp;&nbsp;&nbsp;&nbsp;&nbsp;&nbsp;&nbsp;&nbsp;&nbsp;&nbsp;&nbsp;&nbsp;Abszol\u00fat\nkateg\u00f3ria gy\u0151ztese: <strong>Penczinger\nGerg\u0151<\/strong><\/p>\n\n\n\n<p><strong>Fekvenyom\u00e1s:<\/strong>&nbsp;&nbsp;&nbsp; V. kateg\u00f3ria: Fodor J\u00f3zsef \u2013 1.hely<\/p>\n\n\n\n<p>&nbsp;&nbsp;&nbsp;&nbsp;&nbsp;&nbsp;&nbsp;&nbsp;&nbsp;&nbsp;&nbsp;&nbsp;&nbsp;&nbsp;&nbsp;&nbsp;&nbsp;&nbsp;&nbsp;&nbsp;&nbsp;&nbsp;&nbsp;&nbsp;&nbsp;&nbsp;&nbsp;\n&nbsp;VI. kateg\u00f3ria: Holl Krist\u00f3f&nbsp;&nbsp; &nbsp;\u2013 1.hely<\/p>\n\n\n\n<p>&nbsp;&nbsp;&nbsp;&nbsp;&nbsp;&nbsp;&nbsp;&nbsp;&nbsp;&nbsp;&nbsp;&nbsp;&nbsp;&nbsp;&nbsp;&nbsp;&nbsp;&nbsp;&nbsp;&nbsp;&nbsp;&nbsp;&nbsp;&nbsp;&nbsp;&nbsp;&nbsp;&nbsp;\nAbszol\u00fat kateg\u00f3ria gy\u0151ztese: <strong>Holl\nKrist\u00f3f<\/strong><\/p>\n\n\n\n<p><strong>K\u00f6t\u00e9lh\u00faz\u00e1s:<\/strong>\u00a0\u00a0\u00a0\u00a0\u00a0\u00a0 <strong>\u00a0ROTH SZAKGIMN\u00c1ZIUM csapata \u2013 1.hely\u200b<\/strong><\/p>\n\n\n\n<figure class=\"wp-block-gallery columns-3 is-cropped wp-block-gallery-1 is-layout-flex wp-block-gallery-is-layout-flex\"><ul class=\"blocks-gallery-grid\"><li class=\"blocks-gallery-item\"><figure><img loading=\"lazy\" decoding=\"async\" width=\"1024\" height=\"768\" src=\"https:\/\/new.rothszki.hu\/wp-content\/uploads\/2020\/02\/IMG_20200213_151738-1024x768.jpg\" alt=\"\" data-id=\"6012\" data-full-url=\"https:\/\/new.rothszki.hu\/wp-content\/uploads\/2020\/02\/IMG_20200213_151738-scaled.jpg\" data-link=\"https:\/\/new.rothszki.hu\/?attachment_id=6012\" class=\"wp-image-6012\" srcset=\"https:\/\/new.rothszki.hu\/wp-content\/uploads\/2020\/02\/IMG_20200213_151738-1024x768.jpg 1024w, https:\/\/new.rothszki.hu\/wp-content\/uploads\/2020\/02\/IMG_20200213_151738-300x225.jpg 300w, https:\/\/new.rothszki.hu\/wp-content\/uploads\/2020\/02\/IMG_20200213_151738-768x576.jpg 768w, https:\/\/new.rothszki.hu\/wp-content\/uploads\/2020\/02\/IMG_20200213_151738-1536x1152.jpg 1536w, https:\/\/new.rothszki.hu\/wp-content\/uploads\/2020\/02\/IMG_20200213_151738-2048x1536.jpg 2048w, https:\/\/new.rothszki.hu\/wp-content\/uploads\/2020\/02\/IMG_20200213_151738-465x349.jpg 465w, https:\/\/new.rothszki.hu\/wp-content\/uploads\/2020\/02\/IMG_20200213_151738-667x500.jpg 667w\" sizes=\"auto, (max-width: 1024px) 100vw, 1024px\" \/><figcaption class=\"blocks-gallery-item__caption\">rpt<\/figcaption><\/figure><\/li><li class=\"blocks-gallery-item\"><figure><img loading=\"lazy\" decoding=\"async\" width=\"1024\" height=\"768\" src=\"https:\/\/new.rothszki.hu\/wp-content\/uploads\/2020\/02\/IMG_20200213_161552-1024x768.jpg\" alt=\"\" data-id=\"6013\" data-full-url=\"https:\/\/new.rothszki.hu\/wp-content\/uploads\/2020\/02\/IMG_20200213_161552-scaled.jpg\" data-link=\"https:\/\/new.rothszki.hu\/?attachment_id=6013\" class=\"wp-image-6013\" srcset=\"https:\/\/new.rothszki.hu\/wp-content\/uploads\/2020\/02\/IMG_20200213_161552-1024x768.jpg 1024w, https:\/\/new.rothszki.hu\/wp-content\/uploads\/2020\/02\/IMG_20200213_161552-300x225.jpg 300w, https:\/\/new.rothszki.hu\/wp-content\/uploads\/2020\/02\/IMG_20200213_161552-768x576.jpg 768w, https:\/\/new.rothszki.hu\/wp-content\/uploads\/2020\/02\/IMG_20200213_161552-1536x1152.jpg 1536w, https:\/\/new.rothszki.hu\/wp-content\/uploads\/2020\/02\/IMG_20200213_161552-2048x1536.jpg 2048w, https:\/\/new.rothszki.hu\/wp-content\/uploads\/2020\/02\/IMG_20200213_161552-465x349.jpg 465w, https:\/\/new.rothszki.hu\/wp-content\/uploads\/2020\/02\/IMG_20200213_161552-667x500.jpg 667w\" sizes=\"auto, (max-width: 1024px) 100vw, 1024px\" \/><\/figure><\/li><li class=\"blocks-gallery-item\"><figure><img loading=\"lazy\" decoding=\"async\" width=\"1024\" height=\"768\" src=\"https:\/\/new.rothszki.hu\/wp-content\/uploads\/2020\/02\/IMG_20200213_161844-1024x768.jpg\" alt=\"\" data-id=\"6014\" data-full-url=\"https:\/\/new.rothszki.hu\/wp-content\/uploads\/2020\/02\/IMG_20200213_161844-scaled.jpg\" data-link=\"https:\/\/new.rothszki.hu\/?attachment_id=6014\" class=\"wp-image-6014\" srcset=\"https:\/\/new.rothszki.hu\/wp-content\/uploads\/2020\/02\/IMG_20200213_161844-1024x768.jpg 1024w, https:\/\/new.rothszki.hu\/wp-content\/uploads\/2020\/02\/IMG_20200213_161844-300x225.jpg 300w, https:\/\/new.rothszki.hu\/wp-content\/uploads\/2020\/02\/IMG_20200213_161844-768x576.jpg 768w, https:\/\/new.rothszki.hu\/wp-content\/uploads\/2020\/02\/IMG_20200213_161844-1536x1152.jpg 1536w, https:\/\/new.rothszki.hu\/wp-content\/uploads\/2020\/02\/IMG_20200213_161844-2048x1536.jpg 2048w, https:\/\/new.rothszki.hu\/wp-content\/uploads\/2020\/02\/IMG_20200213_161844-465x349.jpg 465w, https:\/\/new.rothszki.hu\/wp-content\/uploads\/2020\/02\/IMG_20200213_161844-667x500.jpg 667w\" sizes=\"auto, (max-width: 1024px) 100vw, 1024px\" \/><\/figure><\/li><\/ul><\/figure>\n","protected":false},"excerpt":{"rendered":"<p>Mint minden tan\u00e9vben, ebben az \u00e9vben is a Sz\u00e9chenyi Istv\u00e1n Gimn\u00e1zium \u00e1ltal megrendez\u00e9sre ker\u00fclt \u2013 a tanul\u00f3ink \u00e1ltal k\u00f6zkedvelt \u2013 ER\u0150FESZTIV\u00c1L. A v\u00e1ros \u00fcgyes \u00e9s er\u0151s di\u00e1kjai m\u00e9rt\u00e9k \u00f6ssze tehets\u00e9g\u00fcket, amelyb\u0151l a ROTH SZAKGIMN\u00c1ZIUM tanul\u00f3i magasan j\u00f3 eredm\u00e9nyeket \u00e9rtek el. A k\u00f6t\u00e9lh\u00faz\u00e1s komoly k\u00fczdelme nagy \u00e9rdekl\u0151d\u00e9snek \u00f6rvendett, de ellenf\u00e9lre nem<span class=\"more-link\"><a href=\"https:\/\/new.rothszki.hu\/index.php\/2020\/02\/17\/erofesztival-2020\/\">Tov\u00e1bb&#8230;<\/a><\/span><\/p>\n","protected":false},"author":3,"featured_media":6011,"comment_status":"closed","ping_status":"closed","sticky":false,"template":"","format":"standard","meta":{"_monsterinsights_skip_tracking":false,"_monsterinsights_sitenote_active":false,"_monsterinsights_sitenote_note":"","_monsterinsights_sitenote_category":0,"footnotes":""},"categories":[2,4],"tags":[],"class_list":["entry","author-farago-sandorrothszki-hu","post-6010","post","type-post","status-publish","format-standard","has-post-thumbnail","category-aktualis","category-buszke"],"_links":{"self":[{"href":"https:\/\/new.rothszki.hu\/index.php\/wp-json\/wp\/v2\/posts\/6010","targetHints":{"allow":["GET"]}}],"collection":[{"href":"https:\/\/new.rothszki.hu\/index.php\/wp-json\/wp\/v2\/posts"}],"about":[{"href":"https:\/\/new.rothszki.hu\/index.php\/wp-json\/wp\/v2\/types\/post"}],"author":[{"embeddable":true,"href":"https:\/\/new.rothszki.hu\/index.php\/wp-json\/wp\/v2\/users\/3"}],"replies":[{"embeddable":true,"href":"https:\/\/new.rothszki.hu\/index.php\/wp-json\/wp\/v2\/comments?post=6010"}],"version-history":[{"count":1,"href":"https:\/\/new.rothszki.hu\/index.php\/wp-json\/wp\/v2\/posts\/6010\/revisions"}],"predecessor-version":[{"id":6015,"href":"https:\/\/new.rothszki.hu\/index.php\/wp-json\/wp\/v2\/posts\/6010\/revisions\/6015"}],"wp:featuredmedia":[{"embeddable":true,"href":"https:\/\/new.rothszki.hu\/index.php\/wp-json\/wp\/v2\/media\/6011"}],"wp:attachment":[{"href":"https:\/\/new.rothszki.hu\/index.php\/wp-json\/wp\/v2\/media?parent=6010"}],"wp:term":[{"taxonomy":"category","embeddable":true,"href":"https:\/\/new.rothszki.hu\/index.php\/wp-json\/wp\/v2\/categories?post=6010"},{"taxonomy":"post_tag","embeddable":true,"href":"https:\/\/new.rothszki.hu\/index.php\/wp-json\/wp\/v2\/tags?post=6010"}],"curies":[{"name":"wp","href":"https:\/\/api.w.org\/{rel}","templated":true}]}}