{"id":6496,"date":"2020-11-05T11:33:40","date_gmt":"2020-11-05T11:33:40","guid":{"rendered":"https:\/\/new.rothszki.hu\/?p=6496"},"modified":"2020-11-18T11:12:41","modified_gmt":"2020-11-18T11:12:41","slug":"135-eves-az-erdeszkepzes-a-rothban","status":"publish","type":"post","link":"https:\/\/new.rothszki.hu\/index.php\/2020\/11\/05\/135-eves-az-erdeszkepzes-a-rothban\/","title":{"rendered":"135 \u00e9ves az erd\u00e9szk\u00e9pz\u00e9s a Rothban"},"content":{"rendered":"\n<p>A Temesv\u00e1r melletti Vad\u00e1szerd\u0151n 1885. okt\u00f3ber 27-\u00e9n megny\u00edlt a Magyar Kir\u00e1lyi Erd\u0151\u0151ri Szakiskola. 1901-ben T\u00f6r\u00f6k S\u00e1ndor magyar kir\u00e1lyi f\u0151erd\u00e9szt nevezt\u00e9k ki az iskola igazgat\u00f3j\u00e1v\u00e1, aki k\u00f6z\u00e9pfok\u00fa erd\u00e9szeti iskol\u00e1t szervezett, ami 1918-ra val\u00f3sult meg a 3 \u00e9ves k\u00e9pz\u00e9s + 1 \u00e9v el\u0151gyakorlattal kombin\u00e1lva.<\/p>\n\n\n\n<p>Az I. vil\u00e1gh\u00e1bor\u00fa ut\u00e1n iskol\u00e1nk 1919 \u0151sz\u00e9n Tat\u00e1ra, majd 1924-ben Esztergomba ker\u00fclt, ahol 1928-ig Erd\u00e9sz Szakiskolak\u00e9nt, 1929-t\u0151l 1935-ig pedig Erd\u0151\u0151ri \u00e9s Vad\u0151ri Szakiskolak\u00e9nt m\u0171k\u00f6d\u00f6tt. Az 1935. \u00e9vi IV. az erd\u0151kr\u0151l \u00e9s a term\u00e9szet v\u00e9delm\u00e9r\u0151l sz\u00f3l\u00f3 t\u00f6rv\u00e9ny \u00e9rtelm\u00e9ben Alerd\u00e9sz Szakiskolak\u00e9nt, 1948-ban pedig m\u00e1r Erd\u00e9szgimn\u00e1ziumk\u00e9nt m\u0171k\u00f6d\u00f6tt.<\/p>\n\n\n\n<p>1950. okt\u00f3ber elsej\u00e9n a soproni Benedek-rendi Gimn\u00e1zium \u00e9p\u00fclet\u00e9ben kezdte meg m\u0171k\u00f6d\u00e9s\u00e9t az Erd\u00e9szeti Technikum. A Szent Gy\u00f6rgy utca 9. alatti \u00e9p\u00fclet a mai napig sz\u00e9khelye iskol\u00e1nknak. 1964 m\u00e1jus\u00e1ban felvehette iskol\u00e1nk Roth Gyula eur\u00f3pai h\u00edr\u0171 tud\u00f3s nev\u00e9t, s okt\u00f3berben a F\u00f6ldm\u0171vel\u00e9s\u00fcgyi Miniszt\u00e9riumt\u00f3l megkaptuk a Lackner Krist\u00f3f utcai \u00e9p\u00fcletet koll\u00e9gium gyan\u00e1nt.<\/p>\n\n\n\n<p>1979-ben indult el a faipari technikus k\u00e9pz\u00e9s is, 2001-ben pedig a k\u00f6rnyezetv\u00e9delem-v\u00edzgazd\u00e1lkod\u00e1si technikus k\u00e9pz\u00e9s. 2016\/2017-es tan\u00e9vben v\u00e1lt int\u00e9zm\u00e9ny\u00fcnk r\u00e9sz\u00e9v\u00e9 az egykori Lippai J\u00e1nos Kert\u00e9szeti Szakk\u00e9pz\u0151 Iskola \u00e9s Koll\u00e9gium, \u00edgy \u00fajabb szakm\u00e1k oktat\u00e1s\u00e1val b\u0151v\u00fclt palett\u00e1nk; park\u00e9p\u00edt\u0151- \u00e9s fenntart\u00f3 technikusok, sz\u0151l\u00e9sz-bor\u00e1szok, vir\u00e1gk\u00f6t\u0151- \u00e9s vir\u00e1gkeresked\u0151k tanulhatnak n\u00e1lunk.<\/p>\n\n\n\n<p>A Rothban a kezdetekt\u0151l fogva, 135 \u00e9ve k\u00e9pz\u00fcnk erd\u00e9szeket.<\/p>\n\n\n\n<figure class=\"wp-block-gallery columns-2 is-cropped wp-block-gallery-1 is-layout-flex wp-block-gallery-is-layout-flex\"><ul class=\"blocks-gallery-grid\"><li class=\"blocks-gallery-item\"><figure><img loading=\"lazy\" decoding=\"async\" width=\"496\" height=\"323\" src=\"https:\/\/new.rothszki.hu\/wp-content\/uploads\/2020\/11\/temesvar-vadaszerdo.jpg\" alt=\"\" data-id=\"6497\" data-link=\"https:\/\/new.rothszki.hu\/?attachment_id=6497\" class=\"wp-image-6497\" srcset=\"https:\/\/new.rothszki.hu\/wp-content\/uploads\/2020\/11\/temesvar-vadaszerdo.jpg 496w, https:\/\/new.rothszki.hu\/wp-content\/uploads\/2020\/11\/temesvar-vadaszerdo-300x195.jpg 300w, https:\/\/new.rothszki.hu\/wp-content\/uploads\/2020\/11\/temesvar-vadaszerdo-465x303.jpg 465w\" sizes=\"auto, (max-width: 496px) 100vw, 496px\" \/><figcaption class=\"blocks-gallery-item__caption\">M\u00falt: Temesv\u00e1r-Vad\u00e1szerd\u0151<\/figcaption><\/figure><\/li><li class=\"blocks-gallery-item\"><figure><img loading=\"lazy\" decoding=\"async\" width=\"600\" height=\"450\" src=\"https:\/\/new.rothszki.hu\/wp-content\/uploads\/2020\/11\/2019iskola_600.jpg\" alt=\"\" data-id=\"6498\" data-full-url=\"https:\/\/new.rothszki.hu\/wp-content\/uploads\/2020\/11\/2019iskola_600.jpg\" data-link=\"https:\/\/new.rothszki.hu\/?attachment_id=6498\" class=\"wp-image-6498\" srcset=\"https:\/\/new.rothszki.hu\/wp-content\/uploads\/2020\/11\/2019iskola_600.jpg 600w, https:\/\/new.rothszki.hu\/wp-content\/uploads\/2020\/11\/2019iskola_600-300x225.jpg 300w, https:\/\/new.rothszki.hu\/wp-content\/uploads\/2020\/11\/2019iskola_600-465x349.jpg 465w\" sizes=\"auto, (max-width: 600px) 100vw, 600px\" \/><figcaption class=\"blocks-gallery-item__caption\">Jelen: Sopron, Szent Gy\u00f6rgy utc\u00e1ban fel\u00faj\u00edtott f\u0151\u00e9p\u00fclet\u00fcnk<\/figcaption><\/figure><\/li><\/ul><\/figure>\n","protected":false},"excerpt":{"rendered":"<p>A Temesv\u00e1r melletti Vad\u00e1szerd\u0151n 1885. okt\u00f3ber 27-\u00e9n megny\u00edlt a Magyar Kir\u00e1lyi Erd\u0151\u0151ri Szakiskola. 1901-ben T\u00f6r\u00f6k S\u00e1ndor magyar kir\u00e1lyi f\u0151erd\u00e9szt nevezt\u00e9k ki az iskola igazgat\u00f3j\u00e1v\u00e1, aki k\u00f6z\u00e9pfok\u00fa erd\u00e9szeti iskol\u00e1t szervezett, ami 1918-ra val\u00f3sult meg a 3 \u00e9ves k\u00e9pz\u00e9s + 1 \u00e9v el\u0151gyakorlattal kombin\u00e1lva. Az I. vil\u00e1gh\u00e1bor\u00fa ut\u00e1n iskol\u00e1nk 1919 \u0151sz\u00e9n Tat\u00e1ra,<span class=\"more-link\"><a href=\"https:\/\/new.rothszki.hu\/index.php\/2020\/11\/05\/135-eves-az-erdeszkepzes-a-rothban\/\">Tov\u00e1bb&#8230;<\/a><\/span><\/p>\n","protected":false},"author":3,"featured_media":6507,"comment_status":"closed","ping_status":"closed","sticky":false,"template":"","format":"standard","meta":{"_monsterinsights_skip_tracking":false,"_monsterinsights_sitenote_active":false,"_monsterinsights_sitenote_note":"","_monsterinsights_sitenote_category":0,"footnotes":""},"categories":[2,9],"tags":[],"class_list":["entry","author-farago-sandorrothszki-hu","post-6496","post","type-post","status-publish","format-standard","has-post-thumbnail","category-aktualis","category-intezmeny"],"_links":{"self":[{"href":"https:\/\/new.rothszki.hu\/index.php\/wp-json\/wp\/v2\/posts\/6496","targetHints":{"allow":["GET"]}}],"collection":[{"href":"https:\/\/new.rothszki.hu\/index.php\/wp-json\/wp\/v2\/posts"}],"about":[{"href":"https:\/\/new.rothszki.hu\/index.php\/wp-json\/wp\/v2\/types\/post"}],"author":[{"embeddable":true,"href":"https:\/\/new.rothszki.hu\/index.php\/wp-json\/wp\/v2\/users\/3"}],"replies":[{"embeddable":true,"href":"https:\/\/new.rothszki.hu\/index.php\/wp-json\/wp\/v2\/comments?post=6496"}],"version-history":[{"count":2,"href":"https:\/\/new.rothszki.hu\/index.php\/wp-json\/wp\/v2\/posts\/6496\/revisions"}],"predecessor-version":[{"id":6530,"href":"https:\/\/new.rothszki.hu\/index.php\/wp-json\/wp\/v2\/posts\/6496\/revisions\/6530"}],"wp:featuredmedia":[{"embeddable":true,"href":"https:\/\/new.rothszki.hu\/index.php\/wp-json\/wp\/v2\/media\/6507"}],"wp:attachment":[{"href":"https:\/\/new.rothszki.hu\/index.php\/wp-json\/wp\/v2\/media?parent=6496"}],"wp:term":[{"taxonomy":"category","embeddable":true,"href":"https:\/\/new.rothszki.hu\/index.php\/wp-json\/wp\/v2\/categories?post=6496"},{"taxonomy":"post_tag","embeddable":true,"href":"https:\/\/new.rothszki.hu\/index.php\/wp-json\/wp\/v2\/tags?post=6496"}],"curies":[{"name":"wp","href":"https:\/\/api.w.org\/{rel}","templated":true}]}}