{"id":6781,"date":"2021-03-12T10:25:21","date_gmt":"2021-03-12T10:25:21","guid":{"rendered":"https:\/\/new.rothszki.hu\/?p=6781"},"modified":"2021-03-12T10:25:23","modified_gmt":"2021-03-12T10:25:23","slug":"marcius-15","status":"publish","type":"post","link":"https:\/\/new.rothszki.hu\/index.php\/2021\/03\/12\/marcius-15\/","title":{"rendered":"M\u00e1rcius 15."},"content":{"rendered":"\n<p>B\u00e1r az idei \u00e9vben nem tudunk m\u00e9lt\u00f3k\u00e9ppen megeml\u00e9kezni, de eml\u00e9kezz\u00fcnk b\u00fcszk\u00e9n azokra az elsz\u00e1nt fiatalokra, akik 1848 tavasz\u00e1n ki\u00e1lltak egy f\u00fcggetlen, jobb Magyarorsz\u00e1g megteremt\u00e9s\u00e9\u00e9rt.<\/p>\n\n\n\n<p class=\"has-text-align-center\">\u201eZ\u00f6ld \u00e1g vir\u00edtott a f\u00f6ld ormain.<\/p>\n\n\n\n<p class=\"has-text-align-center\">Munk\u00e1ban \u00e9lt az ember mint a hangya:<\/p>\n\n\n\n<p class=\"has-text-align-center\">K\u00fczd\u00f6tt a k\u00e9z, a szellem m\u0171k\u00f6d\u00f6tt,<\/p>\n\n\n\n<p class=\"has-text-align-center\">L\u00e1ngolt a gondos \u00e9sz, a sz\u00edv rem\u00e9lt<\/p>\n\n\n\n<p class=\"has-text-align-center\">S a b\u00e9ke izzadt homlok\u00e1t t\u00f6r\u00f6lv\u00e9n<\/p>\n\n\n\n<p class=\"has-text-align-center\">Meghozni k\u00e9sz\u00fclt a legszebb jutalmat,<\/p>\n\n\n\n<p class=\"has-text-align-center\">Az ember\u00fcdv\u00f6t, melly\u00e9rt f\u00e1radott.<\/p>\n\n\n\n<p class=\"has-text-align-center\">\u00dcnnepre ford\u00falt a term\u00e9szet, a mi<\/p>\n\n\n\n<p class=\"has-text-align-center\">Sz\u00e9p \u00e9s jeles volt benne, megjelent.\u201d<\/p>\n\n\n\n<p class=\"has-text-align-center\"><em>(V\u00f6r\u00f6smarty Mih\u00e1ly: El\u0151sz\u00f3<\/em>)<\/p>\n","protected":false},"excerpt":{"rendered":"<p>B\u00e1r az idei \u00e9vben nem tudunk m\u00e9lt\u00f3k\u00e9ppen megeml\u00e9kezni, de eml\u00e9kezz\u00fcnk b\u00fcszk\u00e9n azokra az elsz\u00e1nt fiatalokra, akik 1848 tavasz\u00e1n ki\u00e1lltak egy f\u00fcggetlen, jobb Magyarorsz\u00e1g megteremt\u00e9s\u00e9\u00e9rt. \u201eZ\u00f6ld \u00e1g vir\u00edtott a f\u00f6ld ormain. Munk\u00e1ban \u00e9lt az ember mint a hangya: K\u00fczd\u00f6tt a k\u00e9z, a szellem m\u0171k\u00f6d\u00f6tt, L\u00e1ngolt a gondos \u00e9sz, a sz\u00edv rem\u00e9lt<span class=\"more-link\"><a href=\"https:\/\/new.rothszki.hu\/index.php\/2021\/03\/12\/marcius-15\/\">Tov\u00e1bb&#8230;<\/a><\/span><\/p>\n","protected":false},"author":3,"featured_media":6782,"comment_status":"closed","ping_status":"closed","sticky":false,"template":"","format":"standard","meta":{"_monsterinsights_skip_tracking":false,"_monsterinsights_sitenote_active":false,"_monsterinsights_sitenote_note":"","_monsterinsights_sitenote_category":0,"footnotes":""},"categories":[2],"tags":[],"class_list":["entry","author-farago-sandorrothszki-hu","post-6781","post","type-post","status-publish","format-standard","has-post-thumbnail","category-aktualis"],"_links":{"self":[{"href":"https:\/\/new.rothszki.hu\/index.php\/wp-json\/wp\/v2\/posts\/6781","targetHints":{"allow":["GET"]}}],"collection":[{"href":"https:\/\/new.rothszki.hu\/index.php\/wp-json\/wp\/v2\/posts"}],"about":[{"href":"https:\/\/new.rothszki.hu\/index.php\/wp-json\/wp\/v2\/types\/post"}],"author":[{"embeddable":true,"href":"https:\/\/new.rothszki.hu\/index.php\/wp-json\/wp\/v2\/users\/3"}],"replies":[{"embeddable":true,"href":"https:\/\/new.rothszki.hu\/index.php\/wp-json\/wp\/v2\/comments?post=6781"}],"version-history":[{"count":1,"href":"https:\/\/new.rothszki.hu\/index.php\/wp-json\/wp\/v2\/posts\/6781\/revisions"}],"predecessor-version":[{"id":6783,"href":"https:\/\/new.rothszki.hu\/index.php\/wp-json\/wp\/v2\/posts\/6781\/revisions\/6783"}],"wp:featuredmedia":[{"embeddable":true,"href":"https:\/\/new.rothszki.hu\/index.php\/wp-json\/wp\/v2\/media\/6782"}],"wp:attachment":[{"href":"https:\/\/new.rothszki.hu\/index.php\/wp-json\/wp\/v2\/media?parent=6781"}],"wp:term":[{"taxonomy":"category","embeddable":true,"href":"https:\/\/new.rothszki.hu\/index.php\/wp-json\/wp\/v2\/categories?post=6781"},{"taxonomy":"post_tag","embeddable":true,"href":"https:\/\/new.rothszki.hu\/index.php\/wp-json\/wp\/v2\/tags?post=6781"}],"curies":[{"name":"wp","href":"https:\/\/api.w.org\/{rel}","templated":true}]}}