{"id":6806,"date":"2021-04-12T14:06:11","date_gmt":"2021-04-12T14:06:11","guid":{"rendered":"https:\/\/new.rothszki.hu\/?p=6806"},"modified":"2021-04-14T16:31:41","modified_gmt":"2021-04-14T16:31:41","slug":"elhunyt-tolli-lajos-tanar-ur","status":"publish","type":"post","link":"https:\/\/new.rothszki.hu\/index.php\/2021\/04\/12\/elhunyt-tolli-lajos-tanar-ur\/","title":{"rendered":"Elhunyt T\u00f6lli Lajos tan\u00e1r \u00far"},"content":{"rendered":"\n<p><strong>M\u00e9ly megrend\u00fcl\u00e9ssel tudatjuk, hogy T\u00f6lli Lajos, iskol\u00e1nk nyugalmazott magyar-t\u00f6rt\u00e9nelem-filoz\u00f3fia szakos tan\u00e1ra 2021. \u00e1prilis 10-\u00e9n \u2013 78 \u00e9ves kor\u00e1ban \u2013 elhunyt. Iskol\u00e1nk \u00e9s a soproni k\u00f6z\u00e9let ikonikus alakja volt. Szakmai \u00e9let\u00fatja sor\u00e1n mindv\u00e9gig h\u0171 maradt iskol\u00e1nkhoz: p\u00e1lyakezd\u00e9s\u00e9t\u0151l nyugd\u00edjaz\u00e1s\u00e1ig gener\u00e1ci\u00f3kat oktatott a Rothban.<\/strong><\/p>\n\n\n\n<p><\/p>\n\n\n\n<p>T\u00f6lli Lajos 1966-ban a debreceni Kossuth Lajos Tudom\u00e1nyegyetem magyar-t\u00f6rt\u00e9nelem szak\u00e1nak elv\u00e9gz\u00e9se ut\u00e1n ker\u00fclt vissza sz\u00fcl\u0151v\u00e1ros\u00e1ba, Sopronba \u00e9s kezdett el dolgozni els\u0151 \u00e9s egyben utols\u00f3 munkahely\u00e9n az Erd\u00e9szeti Technikumban (az iskola neve a hossz\u00fa \u00e9vek alatt t\u00f6bbsz\u00f6r v\u00e1ltozott).<\/p>\n\n\n\n<p>Kezdetben a levelez\u0151 oktat\u00e1sban vett r\u00e9szt, amelynek n\u00e9h\u00e1ny \u00e9vig tagozatvezet\u0151je is volt. &nbsp;1972-t\u0151l mindk\u00e9t szakj\u00e1t tan\u00edtotta a nappali tagozaton, majd a vil\u00e1gn\u00e9zet\u00fcnk alapjai tant\u00e1rgyat is. Az ELTE b\u00f6lcs\u00e9szkar\u00e1n filoz\u00f3fia szakos tan\u00e1ri diplom\u00e1t szerzett \u00e9s a nyolcvanas \u00e9vek elej\u00e9t\u0151l 1990-ig ennek a tant\u00e1rgynak megyei szakfel\u00fcgyel\u0151je volt.<\/p>\n\n\n\n<p>P\u00e1lyafut\u00e1sa alatt t\u00f6bb levelez\u0151s oszt\u00e1lynak volt oszt\u00e1lyf\u0151n\u00f6ke, nappali tagozaton 1976-t\u00f3l \u00f6sszesen n\u00e9gynek.<\/p>\n\n\n\n<p>Oktat\u00f3-nevel\u0151 munk\u00e1ja mellett rendszeresen szervez\u0151je volt iskolai megeml\u00e9kez\u00e9seknek, \u00fcnneps\u00e9geknek. A nyolcvanas \u00e9vekben nagy \u00f6r\u00f6mmel v\u00e9gezte az iskola ifj\u00fas\u00e1gi k\u00f6nyvt\u00e1r\u00e1nak vezet\u00e9s\u00e9t a koll\u00e9giumban. Elmond\u00e1sa szerint nagyon szerette ezt a munk\u00e1t, \u00f6r\u00fclt a tanul\u00f3k \u00e9rdekl\u0151d\u00e9s\u00e9nek, t\u00e1mogatta olvas\u00e1s ir\u00e1nti ig\u00e9ny\u00fck kibontakoz\u00e1s\u00e1t. A di\u00e1kok sokszor pizsam\u00e1ban ballagtak \u00e1t a k\u00f6nyvt\u00e1rba k\u00f6nyvek\u00e9rt, majd a k\u00f6nyvek visszavitelekor k\u00edv\u00e1ncsi volt a v\u00e9lem\u00e9ny\u00fckre is. Nem utols\u00f3sorban \u0151 is kutathatott, keresg\u00e9lhetett az \u00e1llom\u00e1nyban.<\/p>\n\n\n\n<p>2002-ben k\u00e9rte nyugd\u00edjaz\u00e1s\u00e1t, majd m\u00e9g r\u00f6vid ideig \u00f3raad\u00f3k\u00e9nt dolgozott. Munk\u00e1j\u00e1t az Oktat\u00e1s\u00fcgy Kiv\u00e1l\u00f3 Dolgoz\u00f3ja, Kiv\u00e1l\u00f3 Tan\u00e1r kit\u00fcntet\u00e9sekkel honor\u00e1lt\u00e1k. Nyugd\u00edjba vonul\u00e1sakor megkapta az iskola \u00e1ltal alap\u00edtott Dr. Tusk\u00f3 L\u00e1szl\u00f3-d\u00edjat.<\/p>\n\n\n\n<p>T\u00f6lli Lajos nagy m\u0171velts\u00e9g\u0171, sz\u00e9les l\u00e1t\u00f3k\u00f6r\u0171 koll\u00e9ga, tan\u00e1r volt, mely tulajdons\u00e1ga szer\u00e9nys\u00e9ggel p\u00e1rosult. Mindig meggondolt, seg\u00edt\u0151k\u00e9sz ember volt \u00e9s mindenki szerette n\u00e9ha kicsit fanyar humor\u00e1t.<\/p>\n\n\n\n<p>\u201eIlyen az ember. Egyed\u00fcli p\u00e9ld\u00e1ny.<br>Nem \u00e9lt bel\u0151le t\u00f6bb \u00e9s most sem \u00e9l<br>s mint f\u00e1n se n\u0151 egyforma-k\u00e9t lev\u00e9l,<br>a nagy id\u0151n se lesz hozz\u00e1 hasonl\u00f3.\u201d<\/p>\n\n\n\n<p>&nbsp;&nbsp;&nbsp;&nbsp;&nbsp;&nbsp;&nbsp;&nbsp;&nbsp;&nbsp;&nbsp;&nbsp;&nbsp;&nbsp;&nbsp;&nbsp;&nbsp;&nbsp;&nbsp;&nbsp;&nbsp;&nbsp;&nbsp;&nbsp;&nbsp;&nbsp;&nbsp;&nbsp;&nbsp; (Kosztol\u00e1nyi Dezs\u0151)<\/p>\n\n\n\n<p>&nbsp;&nbsp;&nbsp;&nbsp;&nbsp;&nbsp;&nbsp;&nbsp;&nbsp;&nbsp;&nbsp;&nbsp;&nbsp;&nbsp;&nbsp;&nbsp;&nbsp;&nbsp;&nbsp;&nbsp;&nbsp;&nbsp;&nbsp;&nbsp;&nbsp;&nbsp;&nbsp;&nbsp;&nbsp;&nbsp;&nbsp;&nbsp;&nbsp;&nbsp;&nbsp;&nbsp;&nbsp;&nbsp;&nbsp;&nbsp;&nbsp;&nbsp;&nbsp;&nbsp;&nbsp;&nbsp;&nbsp;&nbsp;&nbsp;&nbsp;&nbsp;&nbsp;&nbsp;&nbsp;&nbsp;&nbsp;&nbsp;&nbsp;&nbsp;&nbsp;&nbsp;&nbsp;&nbsp;&nbsp;&nbsp;&nbsp;&nbsp;&nbsp;&nbsp;&nbsp;&nbsp;&nbsp;&nbsp;&nbsp;&nbsp;&nbsp;&nbsp;&nbsp;&nbsp;&nbsp;&nbsp;&nbsp;&nbsp;&nbsp;&nbsp;&nbsp;&nbsp;&nbsp; volt koll\u00e9g\u00e1i nev\u00e9ben<\/p>\n\n\n\n<p>&nbsp;&nbsp;&nbsp;&nbsp;&nbsp;&nbsp;&nbsp;&nbsp;&nbsp;&nbsp;&nbsp; &nbsp;&nbsp;&nbsp;&nbsp;&nbsp;&nbsp;&nbsp;&nbsp;&nbsp;&nbsp;&nbsp;&nbsp;&nbsp;&nbsp;&nbsp;&nbsp;&nbsp;&nbsp;&nbsp;&nbsp;&nbsp;&nbsp;&nbsp;&nbsp;&nbsp;&nbsp;&nbsp;&nbsp;&nbsp;&nbsp;&nbsp;&nbsp;&nbsp;&nbsp;&nbsp;&nbsp;&nbsp;&nbsp;&nbsp;&nbsp;&nbsp;&nbsp;&nbsp;&nbsp;&nbsp;&nbsp;&nbsp;&nbsp;&nbsp;&nbsp;&nbsp;&nbsp;&nbsp;&nbsp;&nbsp;&nbsp;&nbsp;&nbsp;&nbsp;&nbsp;&nbsp;&nbsp;&nbsp;&nbsp;&nbsp;&nbsp;&nbsp;&nbsp;&nbsp;&nbsp;&nbsp;&nbsp;&nbsp;&nbsp;&nbsp;&nbsp;&nbsp;&nbsp;&nbsp;&nbsp;&nbsp;&nbsp;&nbsp;Mikita Ant\u00f3nia<\/p>\n\n\n\n<p><strong>Temet\u00e9se \u00e1prilis 20-\u00e1n, kedden 16:00 \u00f3rakor lesz a soproni Evang\u00e9likus temet\u0151ben (Balfi \u00fat).<\/strong><\/p>\n\n\n\n<p><strong>Nyugodjon b\u00e9k\u00e9ben! Eml\u00e9k\u00e9t meg\u0151rizz\u00fck!<\/strong><\/p>\n\n\n\n<p><\/p>\n","protected":false},"excerpt":{"rendered":"<p>M\u00e9ly megrend\u00fcl\u00e9ssel tudatjuk, hogy T\u00f6lli Lajos, iskol\u00e1nk nyugalmazott magyar-t\u00f6rt\u00e9nelem-filoz\u00f3fia szakos tan\u00e1ra 2021. \u00e1prilis 10-\u00e9n \u2013 78 \u00e9ves kor\u00e1ban \u2013 elhunyt. Iskol\u00e1nk \u00e9s a soproni k\u00f6z\u00e9let ikonikus alakja volt. Szakmai \u00e9let\u00fatja sor\u00e1n mindv\u00e9gig h\u0171 maradt iskol\u00e1nkhoz: p\u00e1lyakezd\u00e9s\u00e9t\u0151l nyugd\u00edjaz\u00e1s\u00e1ig gener\u00e1ci\u00f3kat oktatott a Rothban. T\u00f6lli Lajos 1966-ban a debreceni Kossuth Lajos Tudom\u00e1nyegyetem magyar-t\u00f6rt\u00e9nelem<span class=\"more-link\"><a href=\"https:\/\/new.rothszki.hu\/index.php\/2021\/04\/12\/elhunyt-tolli-lajos-tanar-ur\/\">Tov\u00e1bb&#8230;<\/a><\/span><\/p>\n","protected":false},"author":3,"featured_media":6809,"comment_status":"closed","ping_status":"closed","sticky":false,"template":"","format":"standard","meta":{"_monsterinsights_skip_tracking":false,"_monsterinsights_sitenote_active":false,"_monsterinsights_sitenote_note":"","_monsterinsights_sitenote_category":0,"footnotes":""},"categories":[2],"tags":[],"class_list":["entry","author-farago-sandorrothszki-hu","post-6806","post","type-post","status-publish","format-standard","has-post-thumbnail","category-aktualis"],"_links":{"self":[{"href":"https:\/\/new.rothszki.hu\/index.php\/wp-json\/wp\/v2\/posts\/6806","targetHints":{"allow":["GET"]}}],"collection":[{"href":"https:\/\/new.rothszki.hu\/index.php\/wp-json\/wp\/v2\/posts"}],"about":[{"href":"https:\/\/new.rothszki.hu\/index.php\/wp-json\/wp\/v2\/types\/post"}],"author":[{"embeddable":true,"href":"https:\/\/new.rothszki.hu\/index.php\/wp-json\/wp\/v2\/users\/3"}],"replies":[{"embeddable":true,"href":"https:\/\/new.rothszki.hu\/index.php\/wp-json\/wp\/v2\/comments?post=6806"}],"version-history":[{"count":6,"href":"https:\/\/new.rothszki.hu\/index.php\/wp-json\/wp\/v2\/posts\/6806\/revisions"}],"predecessor-version":[{"id":6833,"href":"https:\/\/new.rothszki.hu\/index.php\/wp-json\/wp\/v2\/posts\/6806\/revisions\/6833"}],"wp:featuredmedia":[{"embeddable":true,"href":"https:\/\/new.rothszki.hu\/index.php\/wp-json\/wp\/v2\/media\/6809"}],"wp:attachment":[{"href":"https:\/\/new.rothszki.hu\/index.php\/wp-json\/wp\/v2\/media?parent=6806"}],"wp:term":[{"taxonomy":"category","embeddable":true,"href":"https:\/\/new.rothszki.hu\/index.php\/wp-json\/wp\/v2\/categories?post=6806"},{"taxonomy":"post_tag","embeddable":true,"href":"https:\/\/new.rothszki.hu\/index.php\/wp-json\/wp\/v2\/tags?post=6806"}],"curies":[{"name":"wp","href":"https:\/\/api.w.org\/{rel}","templated":true}]}}