{"id":7269,"date":"2021-10-12T10:18:51","date_gmt":"2021-10-12T10:18:51","guid":{"rendered":"https:\/\/new.rothszki.hu\/?p=7269"},"modified":"2021-10-12T10:18:54","modified_gmt":"2021-10-12T10:18:54","slug":"a-kisalfoldi-aszc-illetve-a-roth-gyula-erdeszeti-technikum-is-jelen-volt-az-omek-en","status":"publish","type":"post","link":"https:\/\/new.rothszki.hu\/index.php\/2021\/10\/12\/a-kisalfoldi-aszc-illetve-a-roth-gyula-erdeszeti-technikum-is-jelen-volt-az-omek-en\/","title":{"rendered":"A Kisalf\u00f6ldi ASZC, illetve a Roth Gyula Erd\u00e9szeti Technikum is jelen volt az OM\u00c9K-en"},"content":{"rendered":"\n<p><strong>Dr. Nagy Istv\u00e1n agr\u00e1rminiszter l\u00e1togat\u00e1st tett az Agr\u00e1rszakk\u00e9pz\u00e9s ki\u00e1ll\u00edt\u00f3hely\u00e9n az OM\u00c9K 2021. ki\u00e1ll\u00edt\u00e1s \u201eD\u201d pavilonj\u00e1ban.<\/strong><\/p>\n\n\n\n<p>A ki\u00e1ll\u00edt\u00e1son az \u00f6t agr\u00e1rszakk\u00e9pz\u00e9si centrum k\u00f6z\u00f6s ki\u00e1ll\u00edt\u00e1son jelent meg a k\u00e9pz\u00e9si palett\u00e1juknak megfelel\u0151 szakter\u00fcleteken. A ki\u00e1ll\u00edt\u00f3helyet berendez\u0151 iskol\u00e1k oktat\u00f3i \u00e9s di\u00e1kjainak gondos munk\u00e1j\u00e1t dics\u00e9ri a sokr\u00e9t\u0171 szakmai munk\u00e1t bemutat\u00f3, \u00edzl\u00e9sesen elrendezett anyag. A ki\u00e1ll\u00edt\u00f3k szakszer\u0171en t\u00e1j\u00e9koztatt\u00e1k az \u00e9rdekl\u0151d\u0151ket a ki\u00e1ll\u00edt\u00e1sokon a bemutat\u00e1sra ker\u00fclt egyes szakk\u00e9pz\u00e9sekr\u0151l. Az orsz\u00e1g k\u00fcl\u00f6nb\u00f6z\u0151 ter\u00fcleteir\u0151l \u00e9rkez\u0151 l\u00e1togat\u00f3k \u00edgy megtudhatt\u00e1k, hogy az \u0151ket \u00e9rdekl\u0151 szakm\u00e1kat melyik hozz\u00e1juk k\u00f6zel es\u0151 int\u00e9zm\u00e9nyben tanulhatj\u00e1k.<\/p>\n\n\n\n<p>Az \u00fcnnep\u00e9lyes megnyit\u00f3t \u00e9s d\u00edj\u00e1tad\u00f3t k\u00f6vet\u0151 bej\u00e1r\u00e1son\u00a0<em><strong>Dr. Nagy Istv\u00e1n<\/strong><\/em>\u00a0agr\u00e1rminiszter \u00far megl\u00e1togatta a szakk\u00e9pz\u00e9s ki\u00e1ll\u00edt\u00f3hely\u00e9t, ahol\u00a0<em><strong>Bagd\u00e1n Bogl\u00e1rka<\/strong><\/em>\u00a0helyettes \u00e1llamtitk\u00e1r asszony,\u00a0<em><strong>Simonn\u00e9 Szerdai Zsuzsanna<\/strong><\/em>\u00a0f\u0151igazgat\u00f3 asszony \u00e9s\u00a0<em><strong>Hoczek L\u00e1szl\u00f3 J\u00f3zsef<\/strong><\/em>\u00a0f\u0151igazgat\u00f3 fogadta. Miniszter \u00far a besz\u00e9lget\u00e9s sor\u00e1n r\u00e1ir\u00e1ny\u00edtotta az int\u00e9zm\u00e9nyek figyelm\u00e9t a tehets\u00e9ggondoz\u00e1s, a lemorzsol\u00f3d\u00e1scs\u00f6kkent\u00e9s \u00e9s a korszer\u0171 ismeret\u00e1tad\u00e1s sz\u00fcks\u00e9gess\u00e9g\u00e9re. A jelenlev\u0151knek elmondta, hogy a miniszt\u00e9rium \u00e9rdekelt az int\u00e9zm\u00e9nyh\u00e1l\u00f3zat\u00e1nak korszer\u0171s\u00edt\u00e9s\u00e9ben, a magas sz\u00ednvonal\u00fa szakk\u00e9pzetts\u00e9ggel rendelkez\u0151 tanul\u00f3k kibocs\u00e1t\u00e1s\u00e1nak \u00e9rdek\u00e9ben.<\/p>\n\n\n\n<figure class=\"wp-block-gallery columns-3 is-cropped wp-block-gallery-1 is-layout-flex wp-block-gallery-is-layout-flex\"><ul class=\"blocks-gallery-grid\"><li class=\"blocks-gallery-item\"><figure><img loading=\"lazy\" decoding=\"async\" width=\"1024\" height=\"681\" src=\"https:\/\/new.rothszki.hu\/wp-content\/uploads\/2021\/10\/20211007_pel_4299_vadaszati_e_pavilon_omek-scaled-1-1024x681.jpg\" alt=\"\" data-id=\"7270\" data-full-url=\"https:\/\/new.rothszki.hu\/wp-content\/uploads\/2021\/10\/20211007_pel_4299_vadaszati_e_pavilon_omek-scaled-1.jpg\" data-link=\"https:\/\/new.rothszki.hu\/?attachment_id=7270\" class=\"wp-image-7270\" srcset=\"https:\/\/new.rothszki.hu\/wp-content\/uploads\/2021\/10\/20211007_pel_4299_vadaszati_e_pavilon_omek-scaled-1-1024x681.jpg 1024w, https:\/\/new.rothszki.hu\/wp-content\/uploads\/2021\/10\/20211007_pel_4299_vadaszati_e_pavilon_omek-scaled-1-300x200.jpg 300w, https:\/\/new.rothszki.hu\/wp-content\/uploads\/2021\/10\/20211007_pel_4299_vadaszati_e_pavilon_omek-scaled-1-768x511.jpg 768w, https:\/\/new.rothszki.hu\/wp-content\/uploads\/2021\/10\/20211007_pel_4299_vadaszati_e_pavilon_omek-scaled-1-1536x1022.jpg 1536w, https:\/\/new.rothszki.hu\/wp-content\/uploads\/2021\/10\/20211007_pel_4299_vadaszati_e_pavilon_omek-scaled-1-2048x1362.jpg 2048w, https:\/\/new.rothszki.hu\/wp-content\/uploads\/2021\/10\/20211007_pel_4299_vadaszati_e_pavilon_omek-scaled-1-465x309.jpg 465w, https:\/\/new.rothszki.hu\/wp-content\/uploads\/2021\/10\/20211007_pel_4299_vadaszati_e_pavilon_omek-scaled-1-695x462.jpg 695w\" sizes=\"auto, (max-width: 1024px) 100vw, 1024px\" \/><\/figure><\/li><li class=\"blocks-gallery-item\"><figure><img loading=\"lazy\" decoding=\"async\" width=\"1024\" height=\"681\" src=\"https:\/\/new.rothszki.hu\/wp-content\/uploads\/2021\/10\/20211007_pel_4304_vadaszati_e_pavilon_omek-scaled-1-1024x681.jpg\" alt=\"\" data-id=\"7271\" data-full-url=\"https:\/\/new.rothszki.hu\/wp-content\/uploads\/2021\/10\/20211007_pel_4304_vadaszati_e_pavilon_omek-scaled-1.jpg\" data-link=\"https:\/\/new.rothszki.hu\/?attachment_id=7271\" class=\"wp-image-7271\" srcset=\"https:\/\/new.rothszki.hu\/wp-content\/uploads\/2021\/10\/20211007_pel_4304_vadaszati_e_pavilon_omek-scaled-1-1024x681.jpg 1024w, https:\/\/new.rothszki.hu\/wp-content\/uploads\/2021\/10\/20211007_pel_4304_vadaszati_e_pavilon_omek-scaled-1-300x200.jpg 300w, https:\/\/new.rothszki.hu\/wp-content\/uploads\/2021\/10\/20211007_pel_4304_vadaszati_e_pavilon_omek-scaled-1-768x511.jpg 768w, https:\/\/new.rothszki.hu\/wp-content\/uploads\/2021\/10\/20211007_pel_4304_vadaszati_e_pavilon_omek-scaled-1-1536x1022.jpg 1536w, https:\/\/new.rothszki.hu\/wp-content\/uploads\/2021\/10\/20211007_pel_4304_vadaszati_e_pavilon_omek-scaled-1-2048x1362.jpg 2048w, https:\/\/new.rothszki.hu\/wp-content\/uploads\/2021\/10\/20211007_pel_4304_vadaszati_e_pavilon_omek-scaled-1-465x309.jpg 465w, https:\/\/new.rothszki.hu\/wp-content\/uploads\/2021\/10\/20211007_pel_4304_vadaszati_e_pavilon_omek-scaled-1-695x462.jpg 695w\" sizes=\"auto, (max-width: 1024px) 100vw, 1024px\" \/><\/figure><\/li><li class=\"blocks-gallery-item\"><figure><img loading=\"lazy\" decoding=\"async\" width=\"1024\" height=\"681\" src=\"https:\/\/new.rothszki.hu\/wp-content\/uploads\/2021\/10\/20211007_vadaszati_e_pavilon_omek_megnyito_pel_4321-scaled-1-1024x681.jpg\" alt=\"\" data-id=\"7272\" data-full-url=\"https:\/\/new.rothszki.hu\/wp-content\/uploads\/2021\/10\/20211007_vadaszati_e_pavilon_omek_megnyito_pel_4321-scaled-1.jpg\" data-link=\"https:\/\/new.rothszki.hu\/?attachment_id=7272\" class=\"wp-image-7272\" srcset=\"https:\/\/new.rothszki.hu\/wp-content\/uploads\/2021\/10\/20211007_vadaszati_e_pavilon_omek_megnyito_pel_4321-scaled-1-1024x681.jpg 1024w, https:\/\/new.rothszki.hu\/wp-content\/uploads\/2021\/10\/20211007_vadaszati_e_pavilon_omek_megnyito_pel_4321-scaled-1-300x200.jpg 300w, https:\/\/new.rothszki.hu\/wp-content\/uploads\/2021\/10\/20211007_vadaszati_e_pavilon_omek_megnyito_pel_4321-scaled-1-768x511.jpg 768w, https:\/\/new.rothszki.hu\/wp-content\/uploads\/2021\/10\/20211007_vadaszati_e_pavilon_omek_megnyito_pel_4321-scaled-1-1536x1022.jpg 1536w, https:\/\/new.rothszki.hu\/wp-content\/uploads\/2021\/10\/20211007_vadaszati_e_pavilon_omek_megnyito_pel_4321-scaled-1-2048x1362.jpg 2048w, https:\/\/new.rothszki.hu\/wp-content\/uploads\/2021\/10\/20211007_vadaszati_e_pavilon_omek_megnyito_pel_4321-scaled-1-465x309.jpg 465w, https:\/\/new.rothszki.hu\/wp-content\/uploads\/2021\/10\/20211007_vadaszati_e_pavilon_omek_megnyito_pel_4321-scaled-1-695x462.jpg 695w\" sizes=\"auto, (max-width: 1024px) 100vw, 1024px\" \/><figcaption class=\"blocks-gallery-item__caption\">Nagy Istv\u00e1n, Hungexpo, Vad\u00e1szati Vil\u00e1gki\u00e1ll\u00edt\u00e1s, OM\u00c9K<\/figcaption><\/figure><\/li><\/ul><\/figure>\n","protected":false},"excerpt":{"rendered":"<p>Dr. Nagy Istv\u00e1n agr\u00e1rminiszter l\u00e1togat\u00e1st tett az Agr\u00e1rszakk\u00e9pz\u00e9s ki\u00e1ll\u00edt\u00f3hely\u00e9n az OM\u00c9K 2021. ki\u00e1ll\u00edt\u00e1s \u201eD\u201d pavilonj\u00e1ban. A ki\u00e1ll\u00edt\u00e1son az \u00f6t agr\u00e1rszakk\u00e9pz\u00e9si centrum k\u00f6z\u00f6s ki\u00e1ll\u00edt\u00e1son jelent meg a k\u00e9pz\u00e9si palett\u00e1juknak megfelel\u0151 szakter\u00fcleteken. A ki\u00e1ll\u00edt\u00f3helyet berendez\u0151 iskol\u00e1k oktat\u00f3i \u00e9s di\u00e1kjainak gondos munk\u00e1j\u00e1t dics\u00e9ri a sokr\u00e9t\u0171 szakmai munk\u00e1t bemutat\u00f3, \u00edzl\u00e9sesen elrendezett anyag. A ki\u00e1ll\u00edt\u00f3k<span class=\"more-link\"><a href=\"https:\/\/new.rothszki.hu\/index.php\/2021\/10\/12\/a-kisalfoldi-aszc-illetve-a-roth-gyula-erdeszeti-technikum-is-jelen-volt-az-omek-en\/\">Tov\u00e1bb&#8230;<\/a><\/span><\/p>\n","protected":false},"author":3,"featured_media":7273,"comment_status":"closed","ping_status":"closed","sticky":false,"template":"","format":"standard","meta":{"_monsterinsights_skip_tracking":false,"_monsterinsights_sitenote_active":false,"_monsterinsights_sitenote_note":"","_monsterinsights_sitenote_category":0,"footnotes":""},"categories":[2,9],"tags":[],"class_list":["entry","author-farago-sandorrothszki-hu","post-7269","post","type-post","status-publish","format-standard","has-post-thumbnail","category-aktualis","category-intezmeny"],"_links":{"self":[{"href":"https:\/\/new.rothszki.hu\/index.php\/wp-json\/wp\/v2\/posts\/7269","targetHints":{"allow":["GET"]}}],"collection":[{"href":"https:\/\/new.rothszki.hu\/index.php\/wp-json\/wp\/v2\/posts"}],"about":[{"href":"https:\/\/new.rothszki.hu\/index.php\/wp-json\/wp\/v2\/types\/post"}],"author":[{"embeddable":true,"href":"https:\/\/new.rothszki.hu\/index.php\/wp-json\/wp\/v2\/users\/3"}],"replies":[{"embeddable":true,"href":"https:\/\/new.rothszki.hu\/index.php\/wp-json\/wp\/v2\/comments?post=7269"}],"version-history":[{"count":1,"href":"https:\/\/new.rothszki.hu\/index.php\/wp-json\/wp\/v2\/posts\/7269\/revisions"}],"predecessor-version":[{"id":7274,"href":"https:\/\/new.rothszki.hu\/index.php\/wp-json\/wp\/v2\/posts\/7269\/revisions\/7274"}],"wp:featuredmedia":[{"embeddable":true,"href":"https:\/\/new.rothszki.hu\/index.php\/wp-json\/wp\/v2\/media\/7273"}],"wp:attachment":[{"href":"https:\/\/new.rothszki.hu\/index.php\/wp-json\/wp\/v2\/media?parent=7269"}],"wp:term":[{"taxonomy":"category","embeddable":true,"href":"https:\/\/new.rothszki.hu\/index.php\/wp-json\/wp\/v2\/categories?post=7269"},{"taxonomy":"post_tag","embeddable":true,"href":"https:\/\/new.rothszki.hu\/index.php\/wp-json\/wp\/v2\/tags?post=7269"}],"curies":[{"name":"wp","href":"https:\/\/api.w.org\/{rel}","templated":true}]}}