{"id":7412,"date":"2021-10-21T16:45:00","date_gmt":"2021-10-21T16:45:00","guid":{"rendered":"https:\/\/new.rothszki.hu\/?p=7412"},"modified":"2021-10-22T16:55:46","modified_gmt":"2021-10-22T16:55:46","slug":"veradas-a-roth-gyula-technikumban","status":"publish","type":"post","link":"https:\/\/new.rothszki.hu\/index.php\/2021\/10\/21\/veradas-a-roth-gyula-technikumban\/","title":{"rendered":"V\u00e9rad\u00e1s a Roth Gyula Technikumban"},"content":{"rendered":"\n<p>Iskol\u00e1nk v\u00e9rad\u00e1st szervezett a koll\u00e9giumunk \u00e9p\u00fclet\u00e9ben, ahol t\u00f6bb mint 50 di\u00e1k \u00e9s sz\u00e1mos dolgoz\u00f3 vett r\u00e9szt.<\/p>\n\n\n\n<p>Orsz\u00e1gos szinten 1800 v\u00e9rad\u00f3ra van sz\u00fcks\u00e9g naponta, hogy biztons\u00e1gos mennyis\u00e9g\u0171 k\u00e9szlet \u00e1lljon rendelkez\u00e9sre a m\u0171t\u00e9tekhez, baleseti s\u00e9r\u00fcltek ell\u00e1t\u00e1s\u00e1hoz, v\u00e9rk\u00e9sz\u00edtm\u00e9nyekre, transzf\u00fazi\u00f3ra szorul\u00f3 betegek kezel\u00e9s\u00e9hez.<\/p>\n\n\n\n<p>Int\u00e9zm\u00e9ny\u00fcnkben hagyom\u00e1nny\u00e1 v\u00e1lt, hogy az \u0151szi-, illetve tavaszi sz\u00fcnet el\u0151tti napokban v\u00e9rad\u00e1st szervez\u00fcnk. Fontosnak tartjuk, a t\u00e1rsadalmi felel\u0151ss\u00e9gv\u00e1llal\u00e1st, hiszen egyetlen v\u00e9rad\u00f3 h\u00e1rom m\u00e1sik embernek ny\u00fajt seg\u00edts\u00e9get. A v\u00e9rad\u00e1s a donor eg\u00e9szs\u00e9g\u00e9t is szolg\u00e1lja, hiszen el\u0151tte k\u00f6telez\u0151 eg\u00e9szs\u00e9g\u00fcgyi teszteken esik \u00e1t.<\/p>\n","protected":false},"excerpt":{"rendered":"<p>Iskol\u00e1nk v\u00e9rad\u00e1st szervezett a koll\u00e9giumunk \u00e9p\u00fclet\u00e9ben, ahol t\u00f6bb mint 50 di\u00e1k \u00e9s sz\u00e1mos dolgoz\u00f3 vett r\u00e9szt. Orsz\u00e1gos szinten 1800 v\u00e9rad\u00f3ra van sz\u00fcks\u00e9g naponta, hogy biztons\u00e1gos mennyis\u00e9g\u0171 k\u00e9szlet \u00e1lljon rendelkez\u00e9sre a m\u0171t\u00e9tekhez, baleseti s\u00e9r\u00fcltek ell\u00e1t\u00e1s\u00e1hoz, v\u00e9rk\u00e9sz\u00edtm\u00e9nyekre, transzf\u00fazi\u00f3ra szorul\u00f3 betegek kezel\u00e9s\u00e9hez. Int\u00e9zm\u00e9ny\u00fcnkben hagyom\u00e1nny\u00e1 v\u00e1lt, hogy az \u0151szi-, illetve tavaszi sz\u00fcnet el\u0151tti napokban<span class=\"more-link\"><a href=\"https:\/\/new.rothszki.hu\/index.php\/2021\/10\/21\/veradas-a-roth-gyula-technikumban\/\">Tov\u00e1bb&#8230;<\/a><\/span><\/p>\n","protected":false},"author":3,"featured_media":7415,"comment_status":"closed","ping_status":"closed","sticky":false,"template":"","format":"standard","meta":{"_monsterinsights_skip_tracking":false,"_monsterinsights_sitenote_active":false,"_monsterinsights_sitenote_note":"","_monsterinsights_sitenote_category":0,"footnotes":""},"categories":[2,9],"tags":[],"class_list":["entry","author-farago-sandorrothszki-hu","post-7412","post","type-post","status-publish","format-standard","has-post-thumbnail","category-aktualis","category-intezmeny"],"_links":{"self":[{"href":"https:\/\/new.rothszki.hu\/index.php\/wp-json\/wp\/v2\/posts\/7412","targetHints":{"allow":["GET"]}}],"collection":[{"href":"https:\/\/new.rothszki.hu\/index.php\/wp-json\/wp\/v2\/posts"}],"about":[{"href":"https:\/\/new.rothszki.hu\/index.php\/wp-json\/wp\/v2\/types\/post"}],"author":[{"embeddable":true,"href":"https:\/\/new.rothszki.hu\/index.php\/wp-json\/wp\/v2\/users\/3"}],"replies":[{"embeddable":true,"href":"https:\/\/new.rothszki.hu\/index.php\/wp-json\/wp\/v2\/comments?post=7412"}],"version-history":[{"count":1,"href":"https:\/\/new.rothszki.hu\/index.php\/wp-json\/wp\/v2\/posts\/7412\/revisions"}],"predecessor-version":[{"id":7414,"href":"https:\/\/new.rothszki.hu\/index.php\/wp-json\/wp\/v2\/posts\/7412\/revisions\/7414"}],"wp:featuredmedia":[{"embeddable":true,"href":"https:\/\/new.rothszki.hu\/index.php\/wp-json\/wp\/v2\/media\/7415"}],"wp:attachment":[{"href":"https:\/\/new.rothszki.hu\/index.php\/wp-json\/wp\/v2\/media?parent=7412"}],"wp:term":[{"taxonomy":"category","embeddable":true,"href":"https:\/\/new.rothszki.hu\/index.php\/wp-json\/wp\/v2\/categories?post=7412"},{"taxonomy":"post_tag","embeddable":true,"href":"https:\/\/new.rothszki.hu\/index.php\/wp-json\/wp\/v2\/tags?post=7412"}],"curies":[{"name":"wp","href":"https:\/\/api.w.org\/{rel}","templated":true}]}}