{"id":7833,"date":"2022-02-24T09:13:33","date_gmt":"2022-02-24T09:13:33","guid":{"rendered":"https:\/\/new.rothszki.hu\/?p=7833"},"modified":"2022-02-24T09:13:35","modified_gmt":"2022-02-24T09:13:35","slug":"2022-ben-is-penz7-a-rothban","status":"publish","type":"post","link":"https:\/\/new.rothszki.hu\/index.php\/2022\/02\/24\/2022-ben-is-penz7-a-rothban\/","title":{"rendered":"2022-ben is P\u00c9NZ7 a Rothban!"},"content":{"rendered":"\n<p>Magyarorsz\u00e1gon m\u00e1r <strong>nyolcadik<\/strong> alkalommal tartj\u00e1k meg a <strong>P\u00c9NZ7 programsorozat, amelynek keret\u00e9ben olyan tan\u00f3r\u00e1kat tartanak<\/strong>, amely t\u00e1mogatja a tudatos p\u00e9nz\u00fcgyi \u00e9s tudatos gazd\u00e1lkod\u00e1sra nevel\u00e9st.<\/p>\n\n\n\n<p>2022-ben a P\u00c9NZ7-et minden r\u00e9sztvev\u0151 iskol\u00e1ban, \u00edgy n\u00e1lunk is<strong> m\u00e1rcius 7-11. k\u00f6z\u00f6tt rendezik meg.<\/strong><\/p>\n\n\n\n<p>A programon kereszt\u00fcl egy\u00fctt tehet\u00fcnk a magyarorsz\u00e1gi fiatalok p\u00e9nz\u00fcgyi tudatoss\u00e1g\u00e1nak \u00e9s v\u00e1llalkoz\u00f3i kompetenci\u00e1inak fejleszt\u00e9s\u00e9\u00e9rt!<\/p>\n","protected":false},"excerpt":{"rendered":"<p>Magyarorsz\u00e1gon m\u00e1r nyolcadik alkalommal tartj\u00e1k meg a P\u00c9NZ7 programsorozat, amelynek keret\u00e9ben olyan tan\u00f3r\u00e1kat tartanak, amely t\u00e1mogatja a tudatos p\u00e9nz\u00fcgyi \u00e9s tudatos gazd\u00e1lkod\u00e1sra nevel\u00e9st. 2022-ben a P\u00c9NZ7-et minden r\u00e9sztvev\u0151 iskol\u00e1ban, \u00edgy n\u00e1lunk is m\u00e1rcius 7-11. k\u00f6z\u00f6tt rendezik meg. A programon kereszt\u00fcl egy\u00fctt tehet\u00fcnk a magyarorsz\u00e1gi fiatalok p\u00e9nz\u00fcgyi tudatoss\u00e1g\u00e1nak \u00e9s v\u00e1llalkoz\u00f3i kompetenci\u00e1inak<span class=\"more-link\"><a href=\"https:\/\/new.rothszki.hu\/index.php\/2022\/02\/24\/2022-ben-is-penz7-a-rothban\/\">Tov\u00e1bb&#8230;<\/a><\/span><\/p>\n","protected":false},"author":3,"featured_media":7834,"comment_status":"closed","ping_status":"closed","sticky":false,"template":"","format":"standard","meta":{"_monsterinsights_skip_tracking":false,"_monsterinsights_sitenote_active":false,"_monsterinsights_sitenote_note":"","_monsterinsights_sitenote_category":0,"footnotes":""},"categories":[2],"tags":[],"class_list":["entry","author-farago-sandorrothszki-hu","post-7833","post","type-post","status-publish","format-standard","has-post-thumbnail","category-aktualis"],"_links":{"self":[{"href":"https:\/\/new.rothszki.hu\/index.php\/wp-json\/wp\/v2\/posts\/7833","targetHints":{"allow":["GET"]}}],"collection":[{"href":"https:\/\/new.rothszki.hu\/index.php\/wp-json\/wp\/v2\/posts"}],"about":[{"href":"https:\/\/new.rothszki.hu\/index.php\/wp-json\/wp\/v2\/types\/post"}],"author":[{"embeddable":true,"href":"https:\/\/new.rothszki.hu\/index.php\/wp-json\/wp\/v2\/users\/3"}],"replies":[{"embeddable":true,"href":"https:\/\/new.rothszki.hu\/index.php\/wp-json\/wp\/v2\/comments?post=7833"}],"version-history":[{"count":1,"href":"https:\/\/new.rothszki.hu\/index.php\/wp-json\/wp\/v2\/posts\/7833\/revisions"}],"predecessor-version":[{"id":7835,"href":"https:\/\/new.rothszki.hu\/index.php\/wp-json\/wp\/v2\/posts\/7833\/revisions\/7835"}],"wp:featuredmedia":[{"embeddable":true,"href":"https:\/\/new.rothszki.hu\/index.php\/wp-json\/wp\/v2\/media\/7834"}],"wp:attachment":[{"href":"https:\/\/new.rothszki.hu\/index.php\/wp-json\/wp\/v2\/media?parent=7833"}],"wp:term":[{"taxonomy":"category","embeddable":true,"href":"https:\/\/new.rothszki.hu\/index.php\/wp-json\/wp\/v2\/categories?post=7833"},{"taxonomy":"post_tag","embeddable":true,"href":"https:\/\/new.rothszki.hu\/index.php\/wp-json\/wp\/v2\/tags?post=7833"}],"curies":[{"name":"wp","href":"https:\/\/api.w.org\/{rel}","templated":true}]}}