{"id":7853,"date":"2022-02-23T09:28:00","date_gmt":"2022-02-23T09:28:00","guid":{"rendered":"https:\/\/new.rothszki.hu\/?p=7853"},"modified":"2022-03-01T09:39:19","modified_gmt":"2022-03-01T09:39:19","slug":"allasborze-a-liszt-ferenc-konferencia-kozpontban","status":"publish","type":"post","link":"https:\/\/new.rothszki.hu\/index.php\/2022\/02\/23\/allasborze-a-liszt-ferenc-konferencia-kozpontban\/","title":{"rendered":"\u00c1ll\u00e1sb\u00f6rze a Liszt Ferenc Konferencia K\u00f6zpontban"},"content":{"rendered":"\n<p>2022. febru\u00e1r 22-\u00e9n a \u201eMunkav\u00e1llal\u00f3i ismeretek tananyagkidolgoz\u00e1sa \u00e9s oktat\u00e1sa a munkaer\u0151piacra bel\u00e9p\u0151 fiatalok r\u00e9sz\u00e9re az agr\u00e1roktat\u00e1sban\u201d c. projekt keret\u00e9ben \u00e1ll\u00e1sb\u00f6rz\u00e9t tartottak a soproni Liszt Ferenc Konferencia K\u00f6zpontban. A rendezv\u00e9nyen szakmai, munkajogi \u00e9s \u00e1ll\u00e1skeres\u00e9ssel kapcsolatos el\u0151ad\u00e1sokat hallgathattak meg a di\u00e1kok. Az esem\u00e9nyen a k\u00f6rny\u00e9k legnagyobb c\u00e9gei (a Szombathelyi Erd\u00e9szet, a Kisalf\u00f6ldi Erd\u0151gazdas\u00e1g, a Tanulm\u00e1nyi Erd\u0151gazdas\u00e1g, a Pilisi Parkerd\u0151, illetve a Fert\u0151-Hans\u00e1g Nemzeti Park) v\u00e1rt\u00e1k az \u00e9rdekl\u0151d\u0151 fiatalokat.<\/p>\n\n\n\n<p>Az \u00e1ll\u00e1sb\u00f6rze szervez\u00e9s\u00e9ben a Roth Gyula Erd\u00e9szeti Technikum is tev\u00e9kenyen r\u00e9szt vett.<\/p>\n\n\n\n<figure class=\"wp-block-gallery has-nested-images columns-default is-cropped wp-block-gallery-1 is-layout-flex wp-block-gallery-is-layout-flex\">\n<figure class=\"wp-block-image size-large\"><img loading=\"lazy\" decoding=\"async\" width=\"1024\" height=\"768\" data-id=\"7855\" src=\"https:\/\/new.rothszki.hu\/wp-content\/uploads\/2022\/03\/20220222_120951-1024x768.jpg\" alt=\"\" class=\"wp-image-7855\" srcset=\"https:\/\/new.rothszki.hu\/wp-content\/uploads\/2022\/03\/20220222_120951-1024x768.jpg 1024w, https:\/\/new.rothszki.hu\/wp-content\/uploads\/2022\/03\/20220222_120951-300x225.jpg 300w, https:\/\/new.rothszki.hu\/wp-content\/uploads\/2022\/03\/20220222_120951-768x576.jpg 768w, https:\/\/new.rothszki.hu\/wp-content\/uploads\/2022\/03\/20220222_120951-1536x1152.jpg 1536w, https:\/\/new.rothszki.hu\/wp-content\/uploads\/2022\/03\/20220222_120951-2048x1536.jpg 2048w, https:\/\/new.rothszki.hu\/wp-content\/uploads\/2022\/03\/20220222_120951-465x349.jpg 465w, https:\/\/new.rothszki.hu\/wp-content\/uploads\/2022\/03\/20220222_120951-667x500.jpg 667w\" sizes=\"auto, (max-width: 1024px) 100vw, 1024px\" \/><\/figure>\n\n\n\n<figure class=\"wp-block-image size-large\"><img loading=\"lazy\" decoding=\"async\" width=\"1024\" height=\"768\" data-id=\"7856\" src=\"https:\/\/new.rothszki.hu\/wp-content\/uploads\/2022\/03\/20220222_121409-2-1024x768.jpg\" alt=\"\" class=\"wp-image-7856\" srcset=\"https:\/\/new.rothszki.hu\/wp-content\/uploads\/2022\/03\/20220222_121409-2-1024x768.jpg 1024w, https:\/\/new.rothszki.hu\/wp-content\/uploads\/2022\/03\/20220222_121409-2-300x225.jpg 300w, https:\/\/new.rothszki.hu\/wp-content\/uploads\/2022\/03\/20220222_121409-2-768x576.jpg 768w, https:\/\/new.rothszki.hu\/wp-content\/uploads\/2022\/03\/20220222_121409-2-1536x1152.jpg 1536w, https:\/\/new.rothszki.hu\/wp-content\/uploads\/2022\/03\/20220222_121409-2-2048x1537.jpg 2048w, https:\/\/new.rothszki.hu\/wp-content\/uploads\/2022\/03\/20220222_121409-2-465x349.jpg 465w, https:\/\/new.rothszki.hu\/wp-content\/uploads\/2022\/03\/20220222_121409-2-666x500.jpg 666w\" sizes=\"auto, (max-width: 1024px) 100vw, 1024px\" \/><\/figure>\n<\/figure>\n","protected":false},"excerpt":{"rendered":"<p>2022. febru\u00e1r 22-\u00e9n a \u201eMunkav\u00e1llal\u00f3i ismeretek tananyagkidolgoz\u00e1sa \u00e9s oktat\u00e1sa a munkaer\u0151piacra bel\u00e9p\u0151 fiatalok r\u00e9sz\u00e9re az agr\u00e1roktat\u00e1sban\u201d c. projekt keret\u00e9ben \u00e1ll\u00e1sb\u00f6rz\u00e9t tartottak a soproni Liszt Ferenc Konferencia K\u00f6zpontban. A rendezv\u00e9nyen szakmai, munkajogi \u00e9s \u00e1ll\u00e1skeres\u00e9ssel kapcsolatos el\u0151ad\u00e1sokat hallgathattak meg a di\u00e1kok. Az esem\u00e9nyen a k\u00f6rny\u00e9k legnagyobb c\u00e9gei (a Szombathelyi Erd\u00e9szet, a Kisalf\u00f6ldi<span class=\"more-link\"><a href=\"https:\/\/new.rothszki.hu\/index.php\/2022\/02\/23\/allasborze-a-liszt-ferenc-konferencia-kozpontban\/\">Tov\u00e1bb&#8230;<\/a><\/span><\/p>\n","protected":false},"author":3,"featured_media":7854,"comment_status":"closed","ping_status":"closed","sticky":false,"template":"","format":"standard","meta":{"_monsterinsights_skip_tracking":false,"_monsterinsights_sitenote_active":false,"_monsterinsights_sitenote_note":"","_monsterinsights_sitenote_category":0,"footnotes":""},"categories":[2,9],"tags":[],"class_list":["entry","author-farago-sandorrothszki-hu","post-7853","post","type-post","status-publish","format-standard","has-post-thumbnail","category-aktualis","category-intezmeny"],"_links":{"self":[{"href":"https:\/\/new.rothszki.hu\/index.php\/wp-json\/wp\/v2\/posts\/7853","targetHints":{"allow":["GET"]}}],"collection":[{"href":"https:\/\/new.rothszki.hu\/index.php\/wp-json\/wp\/v2\/posts"}],"about":[{"href":"https:\/\/new.rothszki.hu\/index.php\/wp-json\/wp\/v2\/types\/post"}],"author":[{"embeddable":true,"href":"https:\/\/new.rothszki.hu\/index.php\/wp-json\/wp\/v2\/users\/3"}],"replies":[{"embeddable":true,"href":"https:\/\/new.rothszki.hu\/index.php\/wp-json\/wp\/v2\/comments?post=7853"}],"version-history":[{"count":1,"href":"https:\/\/new.rothszki.hu\/index.php\/wp-json\/wp\/v2\/posts\/7853\/revisions"}],"predecessor-version":[{"id":7857,"href":"https:\/\/new.rothszki.hu\/index.php\/wp-json\/wp\/v2\/posts\/7853\/revisions\/7857"}],"wp:featuredmedia":[{"embeddable":true,"href":"https:\/\/new.rothszki.hu\/index.php\/wp-json\/wp\/v2\/media\/7854"}],"wp:attachment":[{"href":"https:\/\/new.rothszki.hu\/index.php\/wp-json\/wp\/v2\/media?parent=7853"}],"wp:term":[{"taxonomy":"category","embeddable":true,"href":"https:\/\/new.rothszki.hu\/index.php\/wp-json\/wp\/v2\/categories?post=7853"},{"taxonomy":"post_tag","embeddable":true,"href":"https:\/\/new.rothszki.hu\/index.php\/wp-json\/wp\/v2\/tags?post=7853"}],"curies":[{"name":"wp","href":"https:\/\/api.w.org\/{rel}","templated":true}]}}