{"id":9057,"date":"2022-12-12T10:38:40","date_gmt":"2022-12-12T10:38:40","guid":{"rendered":"https:\/\/new.rothszki.hu\/?p=9057"},"modified":"2022-12-14T11:41:36","modified_gmt":"2022-12-14T11:41:36","slug":"rangos-kituntetest-vehetett-at-volt-diakunk-csontos-julia-diana","status":"publish","type":"post","link":"https:\/\/new.rothszki.hu\/index.php\/2022\/12\/12\/rangos-kituntetest-vehetett-at-volt-diakunk-csontos-julia-diana\/","title":{"rendered":"Rangos kit\u00fcntet\u00e9st vehetett \u00e1t volt di\u00e1kunk, dr. Csontos J\u00falia Di\u00e1na"},"content":{"rendered":"\n<p><strong>PRO PRAXIS PHARMACIAE kit\u00fcntet\u00e9st kapott Dr. Csontos J\u00falia Di\u00e1na a budapesti Bajcsy-Zsilinszky K\u00f3rh\u00e1z \u00e9s Rendel\u0151int\u00e9zet f\u0151gy\u00f3gyszer\u00e9sze, aki 2008-ban v\u00e9gzett a Roth Gyula Technikumban.<\/strong><\/p>\n\n\n\n<p>A Magyar Gy\u00f3gyszer\u00e9szi Kamara Orsz\u00e1gos Eln\u00f6ks\u00e9ge Dr. Csontos J\u00falia Di\u00e1na gy\u00f3gyszer\u00e9sznek a gy\u00f3gyszer\u00e9szi hivat\u00e1s ir\u00e1nti elk\u00f6telezetts\u00e9ge, szakmai fejl\u0151d\u00e9se \u00e9s eredm\u00e9nyes gyakorlati tev\u00e9kenys\u00e9ge elismer\u00e9sek\u00e9nt PRO PRAXIS PHARMACIAE d\u00edjat adom\u00e1nyozott.<\/p>\n\n\n\n<p>Az elismer\u00e9st f\u0151gy\u00f3gyszer\u00e9sz asszony 2022. december 3-\u00e1n vehette \u00e1t a Magyar Gy\u00f3gyszer\u00e9szi Kamara K\u00fcld\u00f6tt k\u00f6zgy\u0171l\u00e9s\u00e9n.<\/p>\n\n\n\n<p>A kit\u00fcntet\u00e9shez sz\u00edvb\u0151l gratul\u00e1lunk \u00e9s tov\u00e1bbi sikereket k\u00edv\u00e1nunk!<\/p>\n\n\n\n<p><\/p>\n\n\n\n<p><em>forr\u00e1s: <strong>Bajcsy-Zsilinszky K\u00f3rh\u00e1z \u00e9s Rendel\u0151int<\/strong><\/em><strong><em>\u00e9ze<\/em><\/strong><em><strong>t<\/strong> facebook oldala<\/em><\/p>\n","protected":false},"excerpt":{"rendered":"<p>PRO PRAXIS PHARMACIAE kit\u00fcntet\u00e9st kapott Dr. Csontos J\u00falia Di\u00e1na a budapesti Bajcsy-Zsilinszky K\u00f3rh\u00e1z \u00e9s Rendel\u0151int\u00e9zet f\u0151gy\u00f3gyszer\u00e9sze, aki 2008-ban v\u00e9gzett a Roth Gyula Technikumban. A Magyar Gy\u00f3gyszer\u00e9szi Kamara Orsz\u00e1gos Eln\u00f6ks\u00e9ge Dr. Csontos J\u00falia Di\u00e1na gy\u00f3gyszer\u00e9sznek a gy\u00f3gyszer\u00e9szi hivat\u00e1s ir\u00e1nti elk\u00f6telezetts\u00e9ge, szakmai fejl\u0151d\u00e9se \u00e9s eredm\u00e9nyes gyakorlati tev\u00e9kenys\u00e9ge elismer\u00e9sek\u00e9nt PRO PRAXIS PHARMACIAE d\u00edjat<span class=\"more-link\"><a href=\"https:\/\/new.rothszki.hu\/index.php\/2022\/12\/12\/rangos-kituntetest-vehetett-at-volt-diakunk-csontos-julia-diana\/\">Tov\u00e1bb&#8230;<\/a><\/span><\/p>\n","protected":false},"author":3,"featured_media":9060,"comment_status":"closed","ping_status":"closed","sticky":false,"template":"","format":"standard","meta":{"_monsterinsights_skip_tracking":false,"_monsterinsights_sitenote_active":false,"_monsterinsights_sitenote_note":"","_monsterinsights_sitenote_category":0,"footnotes":""},"categories":[2],"tags":[],"class_list":["entry","author-farago-sandorrothszki-hu","post-9057","post","type-post","status-publish","format-standard","has-post-thumbnail","category-aktualis"],"_links":{"self":[{"href":"https:\/\/new.rothszki.hu\/index.php\/wp-json\/wp\/v2\/posts\/9057","targetHints":{"allow":["GET"]}}],"collection":[{"href":"https:\/\/new.rothszki.hu\/index.php\/wp-json\/wp\/v2\/posts"}],"about":[{"href":"https:\/\/new.rothszki.hu\/index.php\/wp-json\/wp\/v2\/types\/post"}],"author":[{"embeddable":true,"href":"https:\/\/new.rothszki.hu\/index.php\/wp-json\/wp\/v2\/users\/3"}],"replies":[{"embeddable":true,"href":"https:\/\/new.rothszki.hu\/index.php\/wp-json\/wp\/v2\/comments?post=9057"}],"version-history":[{"count":4,"href":"https:\/\/new.rothszki.hu\/index.php\/wp-json\/wp\/v2\/posts\/9057\/revisions"}],"predecessor-version":[{"id":9068,"href":"https:\/\/new.rothszki.hu\/index.php\/wp-json\/wp\/v2\/posts\/9057\/revisions\/9068"}],"wp:featuredmedia":[{"embeddable":true,"href":"https:\/\/new.rothszki.hu\/index.php\/wp-json\/wp\/v2\/media\/9060"}],"wp:attachment":[{"href":"https:\/\/new.rothszki.hu\/index.php\/wp-json\/wp\/v2\/media?parent=9057"}],"wp:term":[{"taxonomy":"category","embeddable":true,"href":"https:\/\/new.rothszki.hu\/index.php\/wp-json\/wp\/v2\/categories?post=9057"},{"taxonomy":"post_tag","embeddable":true,"href":"https:\/\/new.rothszki.hu\/index.php\/wp-json\/wp\/v2\/tags?post=9057"}],"curies":[{"name":"wp","href":"https:\/\/api.w.org\/{rel}","templated":true}]}}