{"id":9065,"date":"2022-12-11T11:08:00","date_gmt":"2022-12-11T11:08:00","guid":{"rendered":"https:\/\/new.rothszki.hu\/?p=9065"},"modified":"2022-12-12T11:09:38","modified_gmt":"2022-12-12T11:09:38","slug":"prima-primissima-dijat-vehetett-at-volt-diakunk-kovacs-gyula","status":"publish","type":"post","link":"https:\/\/new.rothszki.hu\/index.php\/2022\/12\/11\/prima-primissima-dijat-vehetett-at-volt-diakunk-kovacs-gyula\/","title":{"rendered":"<strong>Prima Primissima d\u00edjat vehetett \u00e1t volt di\u00e1kunk, Kov\u00e1cs Gyula<\/strong>"},"content":{"rendered":"\n<p><strong>Prima Primissima d\u00edjat kapott a Magyar n\u00e9pm\u0171v\u00e9szet \u00e9s K\u00f6zm\u0171vel\u0151d\u00e9s kateg\u00f3ri\u00e1j\u00e1ban Kov\u00e1cs Gyula, erd\u00e9sz, a r\u00e9gi magyar gy\u00fcm\u00f6lcsf\u00e1k \u0151rz\u0151je, aki 1980-ban v\u00e9gzett a Roth Gyula Technikumban.<\/strong><\/p>\n\n\n\n<p>Az 1980-as \u00e9vekt\u0151l kezdett foglalkozni sz\u00fcl\u0151f\u00f6ldje, a G\u00f6csej hagyom\u00e1nyaival, kult\u00far\u00e1j\u00e1val. Megismerte a t\u00e9rs\u00e9g gy\u00fcm\u00f6lcs\u00e9szet\u00e9t \u00e9s elhat\u00e1rozta, hogy megpr\u00f3b\u00e1lja megmenteni ezt az \u00f6r\u00f6ks\u00e9get. Az id\u0151 m\u00falt\u00e1val kutat\u00e1sait kiterjesztette a K\u00e1rp\u00e1t-medence magyarlakta ter\u00fcleteire. Amerre j\u00e1rt, gy\u0171jt\u00f6tte a r\u00e9gi fajt\u00e1kat, a f\u00e1k oltv\u00e1nyait pedig megosztotta az ott \u00e9l\u0151kkel. \u00cdgy kezd\u0151d\u00f6tt a t\u00fcnd\u00e9rkertek sikert\u00f6rt\u00e9nete. Az elm\u00falt \u00e9vtizedek sor\u00e1n csal\u00e1dja \u00e9s sok-sok j\u00f3akarat\u00fa ember seg\u00edts\u00e9g\u00e9vel t\u00f6bb sz\u00e1z t\u00fcnd\u00e9rkertet l\u00e9tes\u00edtettek, a P\u00f3rszombati G\u00e9nbank pedig t\u00f6bb ezer gy\u00fcm\u00f6lcsfajt\u00e1val Eur\u00f3pa legnagyobb gy\u0171jtem\u00e9nye, ami egy n\u00e9p hagyat\u00e9k\u00e1t \u0151rzi<strong>.<\/strong><\/p>\n\n\n\n<p><strong>A kit\u00fcntet\u00e9shez sz\u00edvb\u0151l gratul\u00e1lunk!<\/strong><\/p>\n\n\n\n<p><em>forr\u00e1s: www.primaprimissima.hu<\/em><\/p>\n","protected":false},"excerpt":{"rendered":"<p>Prima Primissima d\u00edjat kapott a Magyar n\u00e9pm\u0171v\u00e9szet \u00e9s K\u00f6zm\u0171vel\u0151d\u00e9s kateg\u00f3ri\u00e1j\u00e1ban Kov\u00e1cs Gyula, erd\u00e9sz, a r\u00e9gi magyar gy\u00fcm\u00f6lcsf\u00e1k \u0151rz\u0151je, aki 1980-ban v\u00e9gzett a Roth Gyula Technikumban. Az 1980-as \u00e9vekt\u0151l kezdett foglalkozni sz\u00fcl\u0151f\u00f6ldje, a G\u00f6csej hagyom\u00e1nyaival, kult\u00far\u00e1j\u00e1val. Megismerte a t\u00e9rs\u00e9g gy\u00fcm\u00f6lcs\u00e9szet\u00e9t \u00e9s elhat\u00e1rozta, hogy megpr\u00f3b\u00e1lja megmenteni ezt az \u00f6r\u00f6ks\u00e9get. Az id\u0151 m\u00falt\u00e1val<span class=\"more-link\"><a href=\"https:\/\/new.rothszki.hu\/index.php\/2022\/12\/11\/prima-primissima-dijat-vehetett-at-volt-diakunk-kovacs-gyula\/\">Tov\u00e1bb&#8230;<\/a><\/span><\/p>\n","protected":false},"author":3,"featured_media":9066,"comment_status":"closed","ping_status":"closed","sticky":false,"template":"","format":"standard","meta":{"_monsterinsights_skip_tracking":false,"_monsterinsights_sitenote_active":false,"_monsterinsights_sitenote_note":"","_monsterinsights_sitenote_category":0,"footnotes":""},"categories":[2],"tags":[],"class_list":["entry","author-farago-sandorrothszki-hu","post-9065","post","type-post","status-publish","format-standard","has-post-thumbnail","category-aktualis"],"_links":{"self":[{"href":"https:\/\/new.rothszki.hu\/index.php\/wp-json\/wp\/v2\/posts\/9065","targetHints":{"allow":["GET"]}}],"collection":[{"href":"https:\/\/new.rothszki.hu\/index.php\/wp-json\/wp\/v2\/posts"}],"about":[{"href":"https:\/\/new.rothszki.hu\/index.php\/wp-json\/wp\/v2\/types\/post"}],"author":[{"embeddable":true,"href":"https:\/\/new.rothszki.hu\/index.php\/wp-json\/wp\/v2\/users\/3"}],"replies":[{"embeddable":true,"href":"https:\/\/new.rothszki.hu\/index.php\/wp-json\/wp\/v2\/comments?post=9065"}],"version-history":[{"count":1,"href":"https:\/\/new.rothszki.hu\/index.php\/wp-json\/wp\/v2\/posts\/9065\/revisions"}],"predecessor-version":[{"id":9067,"href":"https:\/\/new.rothszki.hu\/index.php\/wp-json\/wp\/v2\/posts\/9065\/revisions\/9067"}],"wp:featuredmedia":[{"embeddable":true,"href":"https:\/\/new.rothszki.hu\/index.php\/wp-json\/wp\/v2\/media\/9066"}],"wp:attachment":[{"href":"https:\/\/new.rothszki.hu\/index.php\/wp-json\/wp\/v2\/media?parent=9065"}],"wp:term":[{"taxonomy":"category","embeddable":true,"href":"https:\/\/new.rothszki.hu\/index.php\/wp-json\/wp\/v2\/categories?post=9065"},{"taxonomy":"post_tag","embeddable":true,"href":"https:\/\/new.rothszki.hu\/index.php\/wp-json\/wp\/v2\/tags?post=9065"}],"curies":[{"name":"wp","href":"https:\/\/api.w.org\/{rel}","templated":true}]}}