{"id":9259,"date":"2023-02-22T08:19:34","date_gmt":"2023-02-22T08:19:34","guid":{"rendered":"https:\/\/new.rothszki.hu\/?p=9259"},"modified":"2023-02-22T08:22:47","modified_gmt":"2023-02-22T08:22:47","slug":"ujabb-rothos-sikerek-az-osztv-i-fordulojan","status":"publish","type":"post","link":"https:\/\/new.rothszki.hu\/index.php\/2023\/02\/22\/ujabb-rothos-sikerek-az-osztv-i-fordulojan\/","title":{"rendered":"\u00dajabb Rothos sikerek az OSZTV I. fordul\u00f3j\u00e1n"},"content":{"rendered":"\n<p><strong>A Nemzeti Agr\u00e1rgazdas\u00e1gi Kamara, illetve a Kereskedelmi \u00e9s Iparkamara \u00e1ltal szervezett szakmai tanulm\u00e1nyi versenyek I. fordul\u00f3in<\/strong> sz\u00e9p eredm\u00e9nyeket \u00e9rtek el a Roth Gyula Technikum di\u00e1kjai. <\/p>\n\n\n\n<p>Tov\u00e1bbjutott tanul\u00f3ink:<\/p>\n\n\n\n<p><strong>Erd\u00e9sztechnikus<\/strong>:<\/p>\n\n\n\n<ol class=\"wp-block-list\">\n<li>D\u00fclk D\u00e1niel<\/li>\n\n\n\n<li>F\u00f3di M\u00e1ty\u00e1s Dominik<\/li>\n\n\n\n<li>Horv\u00e1th S\u00e1ndor<\/li>\n\n\n\n<li>M\u00e9sz\u00e1ros Istv\u00e1n<\/li>\n\n\n\n<li>Selmeczi D\u00e1vid Zsolt<\/li>\n\n\n\n<li>Varga Benj\u00e1min<\/li>\n\n\n\n<li>Varga Patrik M\u00e1ri\u00f3<\/li>\n<\/ol>\n\n\n\n<p><strong>Faipari Technikus:<\/strong><\/p>\n\n\n\n<ol class=\"wp-block-list\">\n<li>Bokrossy Zolt\u00e1n<\/li>\n\n\n\n<li>Mester M\u00e1ty\u00e1s<\/li>\n<\/ol>\n\n\n\n<p><strong>K\u00f6rnyezetv\u00e9delmi technikus:<\/strong><\/p>\n\n\n\n<ol class=\"wp-block-list\">\n<li>T\u00f3th Noel<\/li>\n<\/ol>\n\n\n\n<p><\/p>\n\n\n\n<p>A m\u00e1sodik fordul\u00f3kat 2023. m\u00e1rcius v\u00e9g\u00e9n, \u00e9s \u00e1prilis els\u0151 fel\u00e9ben tartj\u00e1k. <\/p>\n\n\n\n<p>Tanul\u00f3inknak gratul\u00e1lunk \u00e9s eredm\u00e9nyes felk\u00e9sz\u00fcl\u00e9st k\u00edv\u00e1nunk!<\/p>\n","protected":false},"excerpt":{"rendered":"<p>A Nemzeti Agr\u00e1rgazdas\u00e1gi Kamara, illetve a Kereskedelmi \u00e9s Iparkamara \u00e1ltal szervezett szakmai tanulm\u00e1nyi versenyek I. fordul\u00f3in sz\u00e9p eredm\u00e9nyeket \u00e9rtek el a Roth Gyula Technikum di\u00e1kjai. Tov\u00e1bbjutott tanul\u00f3ink: Erd\u00e9sztechnikus: Faipari Technikus: K\u00f6rnyezetv\u00e9delmi technikus: A m\u00e1sodik fordul\u00f3kat 2023. m\u00e1rcius v\u00e9g\u00e9n, \u00e9s \u00e1prilis els\u0151 fel\u00e9ben tartj\u00e1k. Tanul\u00f3inknak gratul\u00e1lunk \u00e9s eredm\u00e9nyes felk\u00e9sz\u00fcl\u00e9st k\u00edv\u00e1nunk!<span class=\"more-link\"><a href=\"https:\/\/new.rothszki.hu\/index.php\/2023\/02\/22\/ujabb-rothos-sikerek-az-osztv-i-fordulojan\/\">Tov\u00e1bb&#8230;<\/a><\/span><\/p>\n","protected":false},"author":3,"featured_media":2216,"comment_status":"closed","ping_status":"closed","sticky":false,"template":"","format":"standard","meta":{"_monsterinsights_skip_tracking":false,"_monsterinsights_sitenote_active":false,"_monsterinsights_sitenote_note":"","_monsterinsights_sitenote_category":0,"footnotes":""},"categories":[2,4],"tags":[],"class_list":["entry","author-farago-sandorrothszki-hu","post-9259","post","type-post","status-publish","format-standard","has-post-thumbnail","category-aktualis","category-buszke"],"_links":{"self":[{"href":"https:\/\/new.rothszki.hu\/index.php\/wp-json\/wp\/v2\/posts\/9259","targetHints":{"allow":["GET"]}}],"collection":[{"href":"https:\/\/new.rothszki.hu\/index.php\/wp-json\/wp\/v2\/posts"}],"about":[{"href":"https:\/\/new.rothszki.hu\/index.php\/wp-json\/wp\/v2\/types\/post"}],"author":[{"embeddable":true,"href":"https:\/\/new.rothszki.hu\/index.php\/wp-json\/wp\/v2\/users\/3"}],"replies":[{"embeddable":true,"href":"https:\/\/new.rothszki.hu\/index.php\/wp-json\/wp\/v2\/comments?post=9259"}],"version-history":[{"count":4,"href":"https:\/\/new.rothszki.hu\/index.php\/wp-json\/wp\/v2\/posts\/9259\/revisions"}],"predecessor-version":[{"id":9263,"href":"https:\/\/new.rothszki.hu\/index.php\/wp-json\/wp\/v2\/posts\/9259\/revisions\/9263"}],"wp:featuredmedia":[{"embeddable":true,"href":"https:\/\/new.rothszki.hu\/index.php\/wp-json\/wp\/v2\/media\/2216"}],"wp:attachment":[{"href":"https:\/\/new.rothszki.hu\/index.php\/wp-json\/wp\/v2\/media?parent=9259"}],"wp:term":[{"taxonomy":"category","embeddable":true,"href":"https:\/\/new.rothszki.hu\/index.php\/wp-json\/wp\/v2\/categories?post=9259"},{"taxonomy":"post_tag","embeddable":true,"href":"https:\/\/new.rothszki.hu\/index.php\/wp-json\/wp\/v2\/tags?post=9259"}],"curies":[{"name":"wp","href":"https:\/\/api.w.org\/{rel}","templated":true}]}}