{"id":9442,"date":"2023-03-25T09:34:00","date_gmt":"2023-03-25T09:34:00","guid":{"rendered":"https:\/\/new.rothszki.hu\/?p=9442"},"modified":"2023-04-01T09:44:16","modified_gmt":"2023-04-01T09:44:16","slug":"rendhagyo-ora-az-afs-marokkoi-onkentesetol","status":"publish","type":"post","link":"https:\/\/new.rothszki.hu\/index.php\/2023\/03\/25\/rendhagyo-ora-az-afs-marokkoi-onkentesetol\/","title":{"rendered":"Rendhagy\u00f3 \u00f3ra az AFS marokk\u00f3i \u00f6nk\u00e9ntes\u00e9t\u0151l"},"content":{"rendered":"\n<p>Sopronban j\u00e1rt Badr, az AFS nemzetk\u00f6zi \u00f6nk\u00e8ntese.<\/p>\n\n\n\n<p>Badr marokk\u00f3i fiatal, aki ezt a tan\u00e9vet Magyarorsz\u00e1gon t\u00f6lti \u00e9s az orsz\u00e1g k\u00f6z\u00e9piskol\u00e1iban tart angol nyelv\u0171 prezent\u00e1ci\u00f3kat, megismerteti, n\u00e9pszer\u0171s\u00edti az AFS-t, programj\u00e1t, \u00f6nk\u00e9ntes munk\u00e1jukat !<\/p>\n\n\n\n<p>5 soproni k\u00f6z\u00e9piskol\u00e1t l\u00e1togatott meg (k\u00f6zt\u00fck a Roth Gyula Erd\u00e9szeti Technikumot) k\u00f6zben cseredi\u00e1kjaink, \u00f6nk\u00e9ntesek seg\u00edtett\u00e9k a munk\u00e1j\u00e1t!<\/p>\n","protected":false},"excerpt":{"rendered":"<p>Sopronban j\u00e1rt Badr, az AFS nemzetk\u00f6zi \u00f6nk\u00e8ntese. Badr marokk\u00f3i fiatal, aki ezt a tan\u00e9vet Magyarorsz\u00e1gon t\u00f6lti \u00e9s az orsz\u00e1g k\u00f6z\u00e9piskol\u00e1iban tart angol nyelv\u0171 prezent\u00e1ci\u00f3kat, megismerteti, n\u00e9pszer\u0171s\u00edti az AFS-t, programj\u00e1t, \u00f6nk\u00e9ntes munk\u00e1jukat ! 5 soproni k\u00f6z\u00e9piskol\u00e1t l\u00e1togatott meg (k\u00f6zt\u00fck a Roth Gyula Erd\u00e9szeti Technikumot) k\u00f6zben cseredi\u00e1kjaink, \u00f6nk\u00e9ntesek seg\u00edtett\u00e9k a munk\u00e1j\u00e1t!<span class=\"more-link\"><a href=\"https:\/\/new.rothszki.hu\/index.php\/2023\/03\/25\/rendhagyo-ora-az-afs-marokkoi-onkentesetol\/\">Tov\u00e1bb&#8230;<\/a><\/span><\/p>\n","protected":false},"author":3,"featured_media":9443,"comment_status":"closed","ping_status":"closed","sticky":false,"template":"","format":"standard","meta":{"_monsterinsights_skip_tracking":false,"_monsterinsights_sitenote_active":false,"_monsterinsights_sitenote_note":"","_monsterinsights_sitenote_category":0,"footnotes":""},"categories":[2],"tags":[],"class_list":["entry","author-farago-sandorrothszki-hu","post-9442","post","type-post","status-publish","format-standard","has-post-thumbnail","category-aktualis"],"_links":{"self":[{"href":"https:\/\/new.rothszki.hu\/index.php\/wp-json\/wp\/v2\/posts\/9442","targetHints":{"allow":["GET"]}}],"collection":[{"href":"https:\/\/new.rothszki.hu\/index.php\/wp-json\/wp\/v2\/posts"}],"about":[{"href":"https:\/\/new.rothszki.hu\/index.php\/wp-json\/wp\/v2\/types\/post"}],"author":[{"embeddable":true,"href":"https:\/\/new.rothszki.hu\/index.php\/wp-json\/wp\/v2\/users\/3"}],"replies":[{"embeddable":true,"href":"https:\/\/new.rothszki.hu\/index.php\/wp-json\/wp\/v2\/comments?post=9442"}],"version-history":[{"count":1,"href":"https:\/\/new.rothszki.hu\/index.php\/wp-json\/wp\/v2\/posts\/9442\/revisions"}],"predecessor-version":[{"id":9444,"href":"https:\/\/new.rothszki.hu\/index.php\/wp-json\/wp\/v2\/posts\/9442\/revisions\/9444"}],"wp:featuredmedia":[{"embeddable":true,"href":"https:\/\/new.rothszki.hu\/index.php\/wp-json\/wp\/v2\/media\/9443"}],"wp:attachment":[{"href":"https:\/\/new.rothszki.hu\/index.php\/wp-json\/wp\/v2\/media?parent=9442"}],"wp:term":[{"taxonomy":"category","embeddable":true,"href":"https:\/\/new.rothszki.hu\/index.php\/wp-json\/wp\/v2\/categories?post=9442"},{"taxonomy":"post_tag","embeddable":true,"href":"https:\/\/new.rothszki.hu\/index.php\/wp-json\/wp\/v2\/tags?post=9442"}],"curies":[{"name":"wp","href":"https:\/\/api.w.org\/{rel}","templated":true}]}}