{"id":9617,"date":"2023-05-23T09:47:37","date_gmt":"2023-05-23T09:47:37","guid":{"rendered":"https:\/\/new.rothszki.hu\/?p=9617"},"modified":"2024-06-26T06:59:53","modified_gmt":"2024-06-26T06:59:53","slug":"tajekoztato-az-erdesztechnikus-felnottkepzesrol","status":"publish","type":"post","link":"https:\/\/new.rothszki.hu\/index.php\/2023\/05\/23\/tajekoztato-az-erdesztechnikus-felnottkepzesrol\/","title":{"rendered":"T\u00e1j\u00e9koztat\u00f3 az Erd\u00e9sztechnikus feln\u0151ttk\u00e9pz\u00e9sr\u0151l"},"content":{"rendered":"\n<p class=\"has-text-align-center has-large-font-size\"><strong><mark style=\"background-color:rgba(0, 0, 0, 0)\" class=\"has-inline-color has-vivid-red-color\">Tisztelt Jelentkez\u0151k! <\/mark><\/strong><\/p>\n\n\n\n<p class=\"has-text-align-center has-medium-font-size\"><strong><mark style=\"background-color:rgba(0, 0, 0, 0)\" class=\"has-inline-color has-vivid-red-color\">Az e-jelentkez\u00e9s a Kr\u00e9ta rendszerben nem minden esetben m\u0171k\u00f6dik megfelel\u0151en. K\u00e9rj\u00fck, hogy jelentkez\u00e9s\u00e9t a <a href=\"mailto:rothszki@rothszki.hu\">rothszki@rothszki.hu<\/a> e-mail c\u00edmre is k\u00fcldje el!<\/mark><\/strong><\/p>\n\n\n\n<p>Iskol\u00e1nk az <strong>Erd\u00e9sztechnikus (5 0821 1702)<\/strong> szakm\u00e1ban hirdet feln\u0151ttk\u00e9pz\u00e9st.<\/p>\n\n\n\n<p>A felv\u00e9teli keretsz\u00e1m: <strong>16 f\u0151.<\/strong><\/p>\n\n\n\n<p>A c\u00e9l olyan szakemberek k\u00e9pz\u00e9se, akik az erd\u0151- \u00e9s vadgazd\u00e1lkod\u00e1s ter\u00fclet\u00e9n a k\u00f6z\u00e9pfok\u00fa v\u00e9gzetts\u00e9ghez k\u00f6t\u00f6tt szakmai munkak\u00f6r\u00f6k bet\u00f6lt\u00e9s\u00e9re alkalmasak. Azok a tov\u00e1bbtanulni k\u00edv\u00e1n\u00f3 dolgoz\u00f3k vehet\u0151k fel, akik megfelelnek az al\u00e1bbi k\u00f6vetelm\u00e9nyeknek:<\/p>\n\n\n\n<p>&#8211;&nbsp;&nbsp; \u00e9retts\u00e9gi vizsg\u00e1t tettek;<\/p>\n\n\n\n<ul class=\"wp-block-list\">\n<li>igazolj\u00e1k, hogy eg\u00e9szs\u00e9gesek, az iskola szakir\u00e1ny\u00e1nak megfelel\u0151 p\u00e1ly\u00e1ra alkalmasak.<\/li>\n<\/ul>\n\n\n\n<p>Az <strong>erd\u00e9sztechnikus<\/strong> <strong>szakmai vizsga<\/strong> megkezd\u00e9s\u00e9nek felt\u00e9tele a \u201eB\u201d (szem\u00e9lyg\u00e9pkocsi) vagy \u201eT\u201d (mez\u0151gazdas\u00e1gi vontat\u00f3) kateg\u00f3ri\u00e1s g\u00e9pj\u00e1rm\u0171vezet\u0151i enged\u00e9ly. A jogos\u00edtv\u00e1ny \u2013 aki azzal m\u00e9g nem rendelkezik \u2013 a vizsga megkezd\u00e9s\u00e9ig k\u00e9pz\u00e9si id\u0151 alatt is megszerezhet\u0151.<\/p>\n\n\n\n<p><strong>Felv\u00e9teli vizsga nincs.<\/strong> Jelentkezni csak az al\u00e1bbi webc\u00edmen lehet: <a href=\"https:\/\/ejelentkezes.e-kreta.hu\/jelentkezes\">https:\/\/ejelentkezes.e<\/a><a href=\"https:\/\/ejelentkezes.e-kreta.hu\/jelentkezes\"><\/a><a href=\"https:\/\/ejelentkezes.e-kreta.hu\/jelentkezes\">kreta.hu\/jelentkezes<\/a><a href=\"https:\/\/ejelentkezes.e-kreta.hu\/jelentkezes\"><\/a><\/p>\n\n\n\n<p>T\u00faljelentkez\u00e9s eset\u00e9n a felv\u00e9telr\u0151l a k\u00f6z\u00e9piskolai tanulm\u00e1nyi \u00e9s \u00e9retts\u00e9gi eredm\u00e9nyek, a szakir\u00e1ny\u00fa munkahely vagy el\u0151zetes szakmai gyakorlat, illetve a jelentkez\u00e9s sorrendje alapj\u00e1n az igazgat\u00f3 d\u00f6nt.<\/p>\n\n\n\n<p><strong><u>A jelentkez\u00e9shez az al\u00e1bbi okm\u00e1nyok postai \u00faton t\u00f6rt\u00e9n\u0151 eljuttat\u00e1sa is sz\u00fcks\u00e9ges:<\/u><\/strong><\/p>\n\n\n\n<ul class=\"wp-block-list\">\n<li>sz\u00fclet\u00e9si anyak\u00f6nyvi kivonat m\u00e1solata<\/li>\n\n\n\n<li>\u00e9retts\u00e9gi bizony\u00edtv\u00e1ny m\u00e1solata<\/li>\n\n\n\n<li>k\u00f6z\u00e9piskola v\u00e9gz\u0151s \u00e9vfolyam\u00e1nak bizony\u00edtv\u00e1ny m\u00e1solata<\/li>\n\n\n\n<li>orvosi igazol\u00e1s eg\u00e9szs\u00e9g\u00fcgyi alkalmass\u00e1gr\u00f3l<\/li>\n\n\n\n<li>nyilatkozat szakk\u00e9pes\u00edt\u00e9sr\u0151l<\/li>\n<\/ul>\n\n\n\n<p><strong>A jelentkez\u00e9si hat\u00e1rid\u0151: 2024. augusztus 19. <\/strong>&nbsp;<\/p>\n\n\n\n<p>A jelentkezetteket legk\u00e9s\u0151bb szeptember els\u0151 het\u00e9ben \u2013 k\u00fcl\u00f6n \u00e9rdekl\u0151d\u00e9s n\u00e9lk\u00fcl is \u2013 \u00e9rtes\u00edtj\u00fck a felv\u00e9telr\u0151l.<\/p>\n\n\n\n<p><strong><u>A k\u00e9pz\u00e9s munkarendje, a tanul\u00f3k k\u00f6telezetts\u00e9gei:<\/u><\/strong><\/p>\n\n\n\n<p><strong>A tanulm\u00e1nyi id\u0151 2 \u00e9v. <\/strong>Az iskola\u00e9v szeptembert\u0151l j\u00faniusig tart. Az oktat\u00e1s alapja az egy\u00e9ni tanul\u00e1s, amelynek eredm\u00e9nyess\u00e9g\u00e9t az iskola kontakt \u00f3r\u00e1k megszervez\u00e9s\u00e9vel seg\u00edti. <strong>Az \u00f3r\u00e1k l\u00e1togat\u00e1sa k\u00f6telez\u0151.<\/strong> A nagy beiskol\u00e1z\u00e1si k\u00f6rzet miatt a jelenl\u00e9ti oktat\u00e1st nem hetente, hanem \u00e9vente 10 alkalommal, 3-4 napos konzult\u00e1ci\u00f3 form\u00e1j\u00e1ban bonyol\u00edtjuk le. Ebben az id\u0151szakban ker\u00fclnek lebonyol\u00edt\u00e1sra a besz\u00e1mol\u00f3k \u00e9s vizsg\u00e1k is.<\/p>\n\n\n\n<p><strong>A felvett tanul\u00f3kkal feln\u0151ttk\u00e9pz\u00e9si szerz\u0151d\u00e9st k\u00f6t\u00fcnk. <\/strong>&nbsp;<\/p>\n\n\n\n<div class=\"wp-block-file\"><a id=\"wp-block-file--media-56db9bfa-ae48-4590-a760-1cda2ae2f81d\" href=\"https:\/\/new.rothszki.hu\/wp-content\/uploads\/2024\/05\/Felnottkepzesi_tajekoztato_2024.pdf\">Felnottkepzesi_tajekoztato_2024<\/a><a href=\"https:\/\/new.rothszki.hu\/wp-content\/uploads\/2024\/05\/Felnottkepzesi_tajekoztato_2024.pdf\" class=\"wp-block-file__button wp-element-button\" download aria-describedby=\"wp-block-file--media-56db9bfa-ae48-4590-a760-1cda2ae2f81d\">Let\u00f6lt\u00e9s<\/a><\/div>\n","protected":false},"excerpt":{"rendered":"<p>Tisztelt Jelentkez\u0151k! Az e-jelentkez\u00e9s a Kr\u00e9ta rendszerben nem minden esetben m\u0171k\u00f6dik megfelel\u0151en. K\u00e9rj\u00fck, hogy jelentkez\u00e9s\u00e9t a rothszki@rothszki.hu e-mail c\u00edmre is k\u00fcldje el! Iskol\u00e1nk az Erd\u00e9sztechnikus (5 0821 1702) szakm\u00e1ban hirdet feln\u0151ttk\u00e9pz\u00e9st. A felv\u00e9teli keretsz\u00e1m: 16 f\u0151. A c\u00e9l olyan szakemberek k\u00e9pz\u00e9se, akik az erd\u0151- \u00e9s vadgazd\u00e1lkod\u00e1s ter\u00fclet\u00e9n a k\u00f6z\u00e9pfok\u00fa v\u00e9gzetts\u00e9ghez<span class=\"more-link\"><a href=\"https:\/\/new.rothszki.hu\/index.php\/2023\/05\/23\/tajekoztato-az-erdesztechnikus-felnottkepzesrol\/\">Tov\u00e1bb&#8230;<\/a><\/span><\/p>\n","protected":false},"author":3,"featured_media":6378,"comment_status":"closed","ping_status":"closed","sticky":false,"template":"","format":"standard","meta":{"_monsterinsights_skip_tracking":false,"_monsterinsights_sitenote_active":false,"_monsterinsights_sitenote_note":"","_monsterinsights_sitenote_category":0,"footnotes":""},"categories":[53,8],"tags":[],"class_list":["entry","author-farago-sandorrothszki-hu","post-9617","post","type-post","status-publish","format-standard","has-post-thumbnail","category-felveteli","category-hirdetmeny"],"_links":{"self":[{"href":"https:\/\/new.rothszki.hu\/index.php\/wp-json\/wp\/v2\/posts\/9617","targetHints":{"allow":["GET"]}}],"collection":[{"href":"https:\/\/new.rothszki.hu\/index.php\/wp-json\/wp\/v2\/posts"}],"about":[{"href":"https:\/\/new.rothszki.hu\/index.php\/wp-json\/wp\/v2\/types\/post"}],"author":[{"embeddable":true,"href":"https:\/\/new.rothszki.hu\/index.php\/wp-json\/wp\/v2\/users\/3"}],"replies":[{"embeddable":true,"href":"https:\/\/new.rothszki.hu\/index.php\/wp-json\/wp\/v2\/comments?post=9617"}],"version-history":[{"count":6,"href":"https:\/\/new.rothszki.hu\/index.php\/wp-json\/wp\/v2\/posts\/9617\/revisions"}],"predecessor-version":[{"id":11102,"href":"https:\/\/new.rothszki.hu\/index.php\/wp-json\/wp\/v2\/posts\/9617\/revisions\/11102"}],"wp:featuredmedia":[{"embeddable":true,"href":"https:\/\/new.rothszki.hu\/index.php\/wp-json\/wp\/v2\/media\/6378"}],"wp:attachment":[{"href":"https:\/\/new.rothszki.hu\/index.php\/wp-json\/wp\/v2\/media?parent=9617"}],"wp:term":[{"taxonomy":"category","embeddable":true,"href":"https:\/\/new.rothszki.hu\/index.php\/wp-json\/wp\/v2\/categories?post=9617"},{"taxonomy":"post_tag","embeddable":true,"href":"https:\/\/new.rothszki.hu\/index.php\/wp-json\/wp\/v2\/tags?post=9617"}],"curies":[{"name":"wp","href":"https:\/\/api.w.org\/{rel}","templated":true}]}}