{"id":9838,"date":"2023-09-19T11:05:17","date_gmt":"2023-09-19T11:05:17","guid":{"rendered":"https:\/\/new.rothszki.hu\/?p=9838"},"modified":"2023-09-19T11:06:29","modified_gmt":"2023-09-19T11:06:29","slug":"rendhagyo-magyarora-varro-daniellel","status":"publish","type":"post","link":"https:\/\/new.rothszki.hu\/index.php\/2023\/09\/19\/rendhagyo-magyarora-varro-daniellel\/","title":{"rendered":"Rendhagy\u00f3 magyar\u00f3ra Varr\u00f3 D\u00e1niellel"},"content":{"rendered":"\n<p>Szeptember 18-\u00e1n a Roth Gyula Technikum vend\u00e9ge volt Varr\u00f3 D\u00e1niel, mai kort\u00e1rs k\u00f6lt\u0151nk. A 11. \u00e9s 12. \u00e9vfolyam tanul\u00f3i vettek r\u00e9szt az el\u0151ad\u00e1ssal kombin\u00e1lt rendhagy\u00f3 irodalom\u00f3r\u00e1kon, ami rendk\u00edv\u00fcl hasznos volt sz\u00e1mukra az \u00e9retts\u00e9gihez val\u00f3 felk\u00e9sz\u00fcl\u00e9sben.<\/p>\n\n\n\n<figure class=\"wp-block-gallery has-nested-images columns-default is-cropped wp-block-gallery-1 is-layout-flex wp-block-gallery-is-layout-flex\">\n<figure class=\"wp-block-image size-large\"><img loading=\"lazy\" decoding=\"async\" width=\"1024\" height=\"683\" data-id=\"9839\" src=\"https:\/\/new.rothszki.hu\/wp-content\/uploads\/2023\/09\/IMG_6801-1024x683.jpg\" alt=\"\" class=\"wp-image-9839\" srcset=\"https:\/\/new.rothszki.hu\/wp-content\/uploads\/2023\/09\/IMG_6801-1024x683.jpg 1024w, https:\/\/new.rothszki.hu\/wp-content\/uploads\/2023\/09\/IMG_6801-300x200.jpg 300w, https:\/\/new.rothszki.hu\/wp-content\/uploads\/2023\/09\/IMG_6801-768x512.jpg 768w, https:\/\/new.rothszki.hu\/wp-content\/uploads\/2023\/09\/IMG_6801-1536x1024.jpg 1536w, https:\/\/new.rothszki.hu\/wp-content\/uploads\/2023\/09\/IMG_6801-2048x1365.jpg 2048w, https:\/\/new.rothszki.hu\/wp-content\/uploads\/2023\/09\/IMG_6801-465x310.jpg 465w, https:\/\/new.rothszki.hu\/wp-content\/uploads\/2023\/09\/IMG_6801-695x463.jpg 695w\" sizes=\"auto, (max-width: 1024px) 100vw, 1024px\" \/><\/figure>\n\n\n\n<figure class=\"wp-block-image size-large\"><img loading=\"lazy\" decoding=\"async\" width=\"1024\" height=\"683\" data-id=\"9841\" src=\"https:\/\/new.rothszki.hu\/wp-content\/uploads\/2023\/09\/IMG_6804-1024x683.jpg\" alt=\"\" class=\"wp-image-9841\" srcset=\"https:\/\/new.rothszki.hu\/wp-content\/uploads\/2023\/09\/IMG_6804-1024x683.jpg 1024w, https:\/\/new.rothszki.hu\/wp-content\/uploads\/2023\/09\/IMG_6804-300x200.jpg 300w, https:\/\/new.rothszki.hu\/wp-content\/uploads\/2023\/09\/IMG_6804-768x512.jpg 768w, https:\/\/new.rothszki.hu\/wp-content\/uploads\/2023\/09\/IMG_6804-1536x1024.jpg 1536w, https:\/\/new.rothszki.hu\/wp-content\/uploads\/2023\/09\/IMG_6804-2048x1365.jpg 2048w, https:\/\/new.rothszki.hu\/wp-content\/uploads\/2023\/09\/IMG_6804-465x310.jpg 465w, https:\/\/new.rothszki.hu\/wp-content\/uploads\/2023\/09\/IMG_6804-695x463.jpg 695w\" sizes=\"auto, (max-width: 1024px) 100vw, 1024px\" \/><\/figure>\n\n\n\n<figure class=\"wp-block-image size-large\"><img loading=\"lazy\" decoding=\"async\" width=\"1024\" height=\"683\" data-id=\"9840\" src=\"https:\/\/new.rothszki.hu\/wp-content\/uploads\/2023\/09\/IMG_6809-1024x683.jpg\" alt=\"\" class=\"wp-image-9840\" srcset=\"https:\/\/new.rothszki.hu\/wp-content\/uploads\/2023\/09\/IMG_6809-1024x683.jpg 1024w, https:\/\/new.rothszki.hu\/wp-content\/uploads\/2023\/09\/IMG_6809-300x200.jpg 300w, https:\/\/new.rothszki.hu\/wp-content\/uploads\/2023\/09\/IMG_6809-768x512.jpg 768w, https:\/\/new.rothszki.hu\/wp-content\/uploads\/2023\/09\/IMG_6809-1536x1024.jpg 1536w, https:\/\/new.rothszki.hu\/wp-content\/uploads\/2023\/09\/IMG_6809-2048x1365.jpg 2048w, https:\/\/new.rothszki.hu\/wp-content\/uploads\/2023\/09\/IMG_6809-465x310.jpg 465w, https:\/\/new.rothszki.hu\/wp-content\/uploads\/2023\/09\/IMG_6809-695x463.jpg 695w\" sizes=\"auto, (max-width: 1024px) 100vw, 1024px\" \/><\/figure>\n<\/figure>\n","protected":false},"excerpt":{"rendered":"<p>Szeptember 18-\u00e1n a Roth Gyula Technikum vend\u00e9ge volt Varr\u00f3 D\u00e1niel, mai kort\u00e1rs k\u00f6lt\u0151nk. A 11. \u00e9s 12. \u00e9vfolyam tanul\u00f3i vettek r\u00e9szt az el\u0151ad\u00e1ssal kombin\u00e1lt rendhagy\u00f3 irodalom\u00f3r\u00e1kon, ami rendk\u00edv\u00fcl hasznos volt sz\u00e1mukra az \u00e9retts\u00e9gihez val\u00f3 felk\u00e9sz\u00fcl\u00e9sben.<span class=\"more-link\"><a href=\"https:\/\/new.rothszki.hu\/index.php\/2023\/09\/19\/rendhagyo-magyarora-varro-daniellel\/\">Tov\u00e1bb&#8230;<\/a><\/span><\/p>\n","protected":false},"author":3,"featured_media":9842,"comment_status":"closed","ping_status":"closed","sticky":false,"template":"","format":"standard","meta":{"_monsterinsights_skip_tracking":false,"_monsterinsights_sitenote_active":false,"_monsterinsights_sitenote_note":"","_monsterinsights_sitenote_category":0,"footnotes":""},"categories":[2],"tags":[],"class_list":["entry","author-farago-sandorrothszki-hu","post-9838","post","type-post","status-publish","format-standard","has-post-thumbnail","category-aktualis"],"_links":{"self":[{"href":"https:\/\/new.rothszki.hu\/index.php\/wp-json\/wp\/v2\/posts\/9838","targetHints":{"allow":["GET"]}}],"collection":[{"href":"https:\/\/new.rothszki.hu\/index.php\/wp-json\/wp\/v2\/posts"}],"about":[{"href":"https:\/\/new.rothszki.hu\/index.php\/wp-json\/wp\/v2\/types\/post"}],"author":[{"embeddable":true,"href":"https:\/\/new.rothszki.hu\/index.php\/wp-json\/wp\/v2\/users\/3"}],"replies":[{"embeddable":true,"href":"https:\/\/new.rothszki.hu\/index.php\/wp-json\/wp\/v2\/comments?post=9838"}],"version-history":[{"count":2,"href":"https:\/\/new.rothszki.hu\/index.php\/wp-json\/wp\/v2\/posts\/9838\/revisions"}],"predecessor-version":[{"id":9844,"href":"https:\/\/new.rothszki.hu\/index.php\/wp-json\/wp\/v2\/posts\/9838\/revisions\/9844"}],"wp:featuredmedia":[{"embeddable":true,"href":"https:\/\/new.rothszki.hu\/index.php\/wp-json\/wp\/v2\/media\/9842"}],"wp:attachment":[{"href":"https:\/\/new.rothszki.hu\/index.php\/wp-json\/wp\/v2\/media?parent=9838"}],"wp:term":[{"taxonomy":"category","embeddable":true,"href":"https:\/\/new.rothszki.hu\/index.php\/wp-json\/wp\/v2\/categories?post=9838"},{"taxonomy":"post_tag","embeddable":true,"href":"https:\/\/new.rothszki.hu\/index.php\/wp-json\/wp\/v2\/tags?post=9838"}],"curies":[{"name":"wp","href":"https:\/\/api.w.org\/{rel}","templated":true}]}}