{"id":9887,"date":"2023-09-26T10:02:36","date_gmt":"2023-09-26T10:02:36","guid":{"rendered":"https:\/\/new.rothszki.hu\/?p=9887"},"modified":"2023-09-26T10:10:41","modified_gmt":"2023-09-26T10:10:41","slug":"150-eve-szuletett-roth-gyula","status":"publish","type":"post","link":"https:\/\/new.rothszki.hu\/index.php\/2023\/09\/26\/150-eve-szuletett-roth-gyula\/","title":{"rendered":"150 \u00e9ve sz\u00fcletett Roth Gyula"},"content":{"rendered":"\n<p><strong>150 \u00e9ve sz\u00fcletett iskol\u00e1nk n\u00e9vad\u00f3ja, Roth Gyula. Szent Gy\u00f6rgy utcai \u00e9p\u00fclet\u00fcnk aul\u00e1j\u00e1ban eml\u00e9kezt\u00fcnk az erd\u0151m\u00e9rn\u00f6k tud\u00f3s, professzorr\u00f3l, majd koszor\u00faztuk meg szobr\u00e1t.<\/strong><\/p>\n\n\n\n<figure class=\"wp-block-gallery has-nested-images columns-default is-cropped wp-block-gallery-1 is-layout-flex wp-block-gallery-is-layout-flex\">\n<figure class=\"wp-block-image size-large\"><img loading=\"lazy\" decoding=\"async\" width=\"1024\" height=\"683\" data-id=\"9888\" src=\"https:\/\/new.rothszki.hu\/wp-content\/uploads\/2023\/09\/IMG_6817-1024x683.jpg\" alt=\"\" class=\"wp-image-9888\" srcset=\"https:\/\/new.rothszki.hu\/wp-content\/uploads\/2023\/09\/IMG_6817-1024x683.jpg 1024w, https:\/\/new.rothszki.hu\/wp-content\/uploads\/2023\/09\/IMG_6817-300x200.jpg 300w, https:\/\/new.rothszki.hu\/wp-content\/uploads\/2023\/09\/IMG_6817-768x512.jpg 768w, https:\/\/new.rothszki.hu\/wp-content\/uploads\/2023\/09\/IMG_6817-1536x1024.jpg 1536w, https:\/\/new.rothszki.hu\/wp-content\/uploads\/2023\/09\/IMG_6817-2048x1365.jpg 2048w, https:\/\/new.rothszki.hu\/wp-content\/uploads\/2023\/09\/IMG_6817-465x310.jpg 465w, https:\/\/new.rothszki.hu\/wp-content\/uploads\/2023\/09\/IMG_6817-695x463.jpg 695w\" sizes=\"auto, (max-width: 1024px) 100vw, 1024px\" \/><\/figure>\n\n\n\n<figure class=\"wp-block-image size-large\"><img loading=\"lazy\" decoding=\"async\" width=\"1024\" height=\"683\" data-id=\"9890\" src=\"https:\/\/new.rothszki.hu\/wp-content\/uploads\/2023\/09\/IMG_6818-1024x683.jpg\" alt=\"\" class=\"wp-image-9890\" srcset=\"https:\/\/new.rothszki.hu\/wp-content\/uploads\/2023\/09\/IMG_6818-1024x683.jpg 1024w, https:\/\/new.rothszki.hu\/wp-content\/uploads\/2023\/09\/IMG_6818-300x200.jpg 300w, https:\/\/new.rothszki.hu\/wp-content\/uploads\/2023\/09\/IMG_6818-768x512.jpg 768w, https:\/\/new.rothszki.hu\/wp-content\/uploads\/2023\/09\/IMG_6818-1536x1024.jpg 1536w, https:\/\/new.rothszki.hu\/wp-content\/uploads\/2023\/09\/IMG_6818-2048x1365.jpg 2048w, https:\/\/new.rothszki.hu\/wp-content\/uploads\/2023\/09\/IMG_6818-465x310.jpg 465w, https:\/\/new.rothszki.hu\/wp-content\/uploads\/2023\/09\/IMG_6818-695x463.jpg 695w\" sizes=\"auto, (max-width: 1024px) 100vw, 1024px\" \/><\/figure>\n\n\n\n<figure class=\"wp-block-image size-large\"><img loading=\"lazy\" decoding=\"async\" width=\"1024\" height=\"683\" data-id=\"9889\" src=\"https:\/\/new.rothszki.hu\/wp-content\/uploads\/2023\/09\/IMG_6821-1024x683.jpg\" alt=\"\" class=\"wp-image-9889\" srcset=\"https:\/\/new.rothszki.hu\/wp-content\/uploads\/2023\/09\/IMG_6821-1024x683.jpg 1024w, https:\/\/new.rothszki.hu\/wp-content\/uploads\/2023\/09\/IMG_6821-300x200.jpg 300w, https:\/\/new.rothszki.hu\/wp-content\/uploads\/2023\/09\/IMG_6821-768x512.jpg 768w, https:\/\/new.rothszki.hu\/wp-content\/uploads\/2023\/09\/IMG_6821-1536x1024.jpg 1536w, https:\/\/new.rothszki.hu\/wp-content\/uploads\/2023\/09\/IMG_6821-2048x1365.jpg 2048w, https:\/\/new.rothszki.hu\/wp-content\/uploads\/2023\/09\/IMG_6821-465x310.jpg 465w, https:\/\/new.rothszki.hu\/wp-content\/uploads\/2023\/09\/IMG_6821-695x463.jpg 695w\" sizes=\"auto, (max-width: 1024px) 100vw, 1024px\" \/><\/figure>\n<\/figure>\n\n\n\n<p><strong>\u00c9let\u00fatja<\/strong>:<\/p>\n\n\n\n<p>Dr. Roth Gyula egy soproni iparoscsal\u00e1dban sz\u00fcletett 1873. szeptember 26-\u00e1n. Sopronban az Evang\u00e9likus L\u00edceumban \u00e9retts\u00e9gizett, majd a selmecb\u00e1nyai Erd\u00e9szeti Akad\u00e9mia hallgat\u00f3ja lett. Tanulm\u00e1nyait 1896-ban fejezte be kiv\u00e1l\u00f3 eredm\u00e9nnyel. Egy ideig gyakornokk\u00e9nt dolgozott a lugosi erd\u0151igazgat\u00f3s\u00e1gon, majd 1900-t\u00f3l Erd\u00e9lyben, a g\u00f6rg\u00e9nyszentimrei szakiskol\u00e1ban oktatott. Innen 1904-ben Vadas Jen\u0151 \u00f6szt\u00f6nz\u00e9s\u00e9re, Selmecb\u00e1ny\u00e1ra ker\u00fclt az erd\u00e9szeti k\u00eds\u00e9rleti \u00e1llom\u00e1s k\u00f6zpontj\u00e1ba. 1907-ben m\u00e1r erd\u0151m\u0171vel\u00e9stani gyakorlatokat vezetett a f\u0151iskol\u00e1n, illetve az erd\u00e9szeti k\u00eds\u00e9rletek nev\u0171 tant\u00e1rgyat oktatta. Ezt megel\u0151z\u0151en megind\u00edtotta az els\u0151 \u201eerd\u0151l\u00e9si\u201d, azaz erd\u0151m\u0171vel\u00e9si k\u00eds\u00e9rleteit. Ugyancsak \u0151 volt az els\u0151, aki az akkori Magyarorsz\u00e1gon felh\u00edvta a szakemberek figyelm\u00e9t a sz\u00e1lal\u00f3 erd\u0151re, mint a tartamos erd\u0151gazd\u00e1lkod\u00e1s \u00e9s az \u201e\u00f6r\u00f6k erd\u0151\u201d egyik lehets\u00e9ges megval\u00f3s\u00edt\u00e1si m\u00f3dj\u00e1ra.<\/p>\n\n\n\n<p>1911-ben f\u0151erd\u0151m\u00e9rn\u00f6kk\u00e9 \u00e9s k\u00eds\u00e9rlet\u00fcgyi adjunktuss\u00e1 nevezt\u00e9k ki, 1917-ben pedig erd\u0151tan\u00e1csos lett. Nemzetk\u00f6zi kongresszusokon tartott el\u0151ad\u00e1sokat N\u00e9metorsz\u00e1gban, Belgiumban \u00e9s Franciaorsz\u00e1gban. A trianoni b\u00e9keszerz\u0151d\u00e9s ut\u00e1n, az int\u00e9zm\u00e9ny Selmecb\u00e1ny\u00e1r\u00f3l val\u00f3 k\u00e9nyszer\u0171 k\u00f6lt\u00f6z\u00e9sekor kitart\u00f3an kardoskodott amellett, hogy a f\u0151iskola Sopronban, sz\u00fcl\u0151v\u00e1ros\u00e1ban kapjon elhelyez\u00e9st.<\/p>\n\n\n\n<p>A nemzetk\u00f6zi szaktekint\u00e9ly kit\u0171n\u0151 nyelvismerettel rendelkezett, s \u00edgy 1929-ben aleln\u00f6ke, 1932-ben eln\u00f6ke, k\u00e9s\u0151bb \u00f6r\u00f6k\u00f6s d\u00edszeln\u00f6ke volt az erd\u00e9szeti kutat\u00f3int\u00e9zetek nemzetk\u00f6zi uni\u00f3j\u00e1nak, a IUFRO-nak.<\/p>\n\n\n\n<p>Sopronban Roth Gyula tansz\u00e9kvezet\u0151 egyetemi tan\u00e1r lett, vezette az Erd\u0151m\u0171vel\u00e9stani Tansz\u00e9ket, melynek gondoz\u00e1s\u00e1ban akkor a vadgazd\u00e1lkod\u00e1ssal-vad\u00e1szattal kapcsolatos t\u00e1rgyak oktat\u00e1sa is zajlott.<\/p>\n\n\n\n<p>Roth Gyula 1961. janu\u00e1r 7-\u00e9n hunyt el, s\u00edrja a soproni evang\u00e9likus temet\u0151ben tal\u00e1lhat\u00f3.<\/p>\n\n\n\n<p><strong>Munk\u00e1ss\u00e1ga<\/strong>:<\/p>\n\n\n\n<p>M\u00e1r Selmecb\u00e1ny\u00e1n tanulm\u00e1nyozta az erd\u0151\u00e1llom\u00e1nyok \u00e1pol\u00e1s\u00e1t, a term\u00e9szetes \u00e9s mesters\u00e9ges fel\u00faj\u00edt\u00e1s k\u00fcl\u00f6nb\u00f6z\u0151 rendszereit. Foglalkozott vet\u0151magvizsg\u00e1lattal, vadteny\u00e9szt\u00e9ssel \u00e9s a vadk\u00e1rok elleni v\u00e9dekez\u00e9ssel. \u00c1tvette a k\u00eds\u00e9rleti \u00e1llom\u00e1s vezet\u00e9s\u00e9t is, s 1926-ban \u00fajraind\u00edtotta az Erd\u00e9szeti K\u00eds\u00e9rletek c\u00edm\u0171 szakfoly\u00f3iratot. 1937-38-ban bet\u00f6lt\u00f6tte a J\u00f3zsef N\u00e1dor M\u0171szaki Egyetem B\u00e1nya- Koh\u00f3- \u00e9s Erd\u0151m\u00e9rn\u00f6ki Kar d\u00e9k\u00e1ni tiszt\u00e9t.<\/p>\n\n\n\n<p><br>Meg\u00edrta f\u0151m\u0171v\u00e9t, a h\u00e1romk\u00f6tetes Erd\u0151m\u0171vel\u00e9stant. A nev\u00e9hez f\u0171z\u0151d\u0151 k\u00f6tetek a mai napig naprak\u00e9szek, korszer\u0171ek, k\u00fcl\u00f6n\u00f6sen a r\u00f3la elnevezett Roth-f\u00e9le vonalas sz\u00e1lal\u00e1s, mint erd\u0151m\u0171vel\u00e9si \u00e9s erd\u0151fel\u00faj\u00edt\u00e1si elj\u00e1r\u00e1s tekintet\u00e9ben. Az \u00e1ltala az 1930-as \u00e9vekben beind\u00edtott sz\u00e1lal\u00e1si k\u00eds\u00e9rleteket a Soproni-hegys\u00e9g Asztalf\u0151nek nevezett ter\u00fcletr\u00e9sz\u00e9n az Erd\u0151m\u0171vel\u00e9si Tansz\u00e9k mindenkori szem\u00e9lyi \u00e1llom\u00e1ny\u00e1ba tartoz\u00f3 szakemberek, kutat\u00f3k a mai napig folyamatosan v\u00e9gzik, fejlesztik.<br>Roth professzor a vad\u00e1szati-hal\u00e1szati t\u00e1rgyak oktat\u00e1s\u00e1ban is maradand\u00f3t alkotott. K\u00f6zel 30 \u00e9ven \u00e1t v\u00e9gezte a tant\u00e1rgyak gondoz\u00e1s\u00e1t, emellett a m\u00e1r 1922-ben megteremtett tanulm\u00e1nyi vad\u00e1szter\u00fclet ir\u00e1ny\u00edt\u00e1s\u00e1t \u00e9s kezel\u00e9s\u00e9t is ell\u00e1tta.<br><\/p>\n\n\n\n<p>K\u00fcl\u00f6n vad\u00e1szati \u00e9rdekess\u00e9g, hogy \u00e9desapja, a kiv\u00e1l\u00f3 \u00e9s v\u00e1rosszerte ismert p\u00e9kmester l\u0151tte ugyanezen a vad\u00e1szter\u00fcleten 1875-ben az els\u0151 siketfajd-kakast. Roth professzor k\u00eds\u00e9rletk\u00e9ppen az eur\u00f3pai muflon soproni-hegys\u00e9gi megtelep\u00edt\u00e9s\u00e9vel is k\u00eds\u00e9rletezett. Munk\u00e1ss\u00e1g\u00e1t 1955-ben Kossuth-d\u00edjjal ismerte el a magyar \u00e1llam.<\/p>\n\n\n\n<p><br>Az 1956-os forradalom buk\u00e1sa ut\u00e1n, mivel az oktat\u00f3k \u00e9s hallgat\u00f3k nagy r\u00e9sze a Sopronba bet\u00f6r\u0151 szovjet csapatok el\u0151l Ausztri\u00e1ba emigr\u00e1lt, 83 \u00e9vesen reaktiv\u00e1lt\u00e1k, \u00e9s 3 \u00e9ven kereszt\u00fcl oktatta a vad\u00e1szati-vadgazd\u00e1lkod\u00e1si tant\u00e1rgyakat, m\u00edg \u201ekinevelt ut\u00f3da\u201d, Bencze Lajos \u00e1t nem vette t\u0151le a tant\u00e1rgyak oktat\u00e1s\u00e1t.<\/p>\n","protected":false},"excerpt":{"rendered":"<p>150 \u00e9ve sz\u00fcletett iskol\u00e1nk n\u00e9vad\u00f3ja, Roth Gyula. Szent Gy\u00f6rgy utcai \u00e9p\u00fclet\u00fcnk aul\u00e1j\u00e1ban eml\u00e9kezt\u00fcnk az erd\u0151m\u00e9rn\u00f6k tud\u00f3s, professzorr\u00f3l, majd koszor\u00faztuk meg szobr\u00e1t. \u00c9let\u00fatja: Dr. Roth Gyula egy soproni iparoscsal\u00e1dban sz\u00fcletett 1873. szeptember 26-\u00e1n. Sopronban az Evang\u00e9likus L\u00edceumban \u00e9retts\u00e9gizett, majd a selmecb\u00e1nyai Erd\u00e9szeti Akad\u00e9mia hallgat\u00f3ja lett. Tanulm\u00e1nyait 1896-ban fejezte be kiv\u00e1l\u00f3 eredm\u00e9nnyel.<span class=\"more-link\"><a href=\"https:\/\/new.rothszki.hu\/index.php\/2023\/09\/26\/150-eve-szuletett-roth-gyula\/\">Tov\u00e1bb&#8230;<\/a><\/span><\/p>\n","protected":false},"author":3,"featured_media":9891,"comment_status":"closed","ping_status":"closed","sticky":false,"template":"","format":"standard","meta":{"_monsterinsights_skip_tracking":false,"_monsterinsights_sitenote_active":false,"_monsterinsights_sitenote_note":"","_monsterinsights_sitenote_category":0,"footnotes":""},"categories":[2,9],"tags":[],"class_list":["entry","author-farago-sandorrothszki-hu","post-9887","post","type-post","status-publish","format-standard","has-post-thumbnail","category-aktualis","category-intezmeny"],"_links":{"self":[{"href":"https:\/\/new.rothszki.hu\/index.php\/wp-json\/wp\/v2\/posts\/9887","targetHints":{"allow":["GET"]}}],"collection":[{"href":"https:\/\/new.rothszki.hu\/index.php\/wp-json\/wp\/v2\/posts"}],"about":[{"href":"https:\/\/new.rothszki.hu\/index.php\/wp-json\/wp\/v2\/types\/post"}],"author":[{"embeddable":true,"href":"https:\/\/new.rothszki.hu\/index.php\/wp-json\/wp\/v2\/users\/3"}],"replies":[{"embeddable":true,"href":"https:\/\/new.rothszki.hu\/index.php\/wp-json\/wp\/v2\/comments?post=9887"}],"version-history":[{"count":3,"href":"https:\/\/new.rothszki.hu\/index.php\/wp-json\/wp\/v2\/posts\/9887\/revisions"}],"predecessor-version":[{"id":9895,"href":"https:\/\/new.rothszki.hu\/index.php\/wp-json\/wp\/v2\/posts\/9887\/revisions\/9895"}],"wp:featuredmedia":[{"embeddable":true,"href":"https:\/\/new.rothszki.hu\/index.php\/wp-json\/wp\/v2\/media\/9891"}],"wp:attachment":[{"href":"https:\/\/new.rothszki.hu\/index.php\/wp-json\/wp\/v2\/media?parent=9887"}],"wp:term":[{"taxonomy":"category","embeddable":true,"href":"https:\/\/new.rothszki.hu\/index.php\/wp-json\/wp\/v2\/categories?post=9887"},{"taxonomy":"post_tag","embeddable":true,"href":"https:\/\/new.rothszki.hu\/index.php\/wp-json\/wp\/v2\/tags?post=9887"}],"curies":[{"name":"wp","href":"https:\/\/api.w.org\/{rel}","templated":true}]}}